{"id":26073,"date":"2023-12-30T14:32:33","date_gmt":"2023-12-30T13:32:33","guid":{"rendered":"https:\/\/christusnews.de\/site\/sozialverband-warnt-zukunftsaengste-bis-in-mitte-der-gesellschaft\/"},"modified":"2023-12-31T10:18:22","modified_gmt":"2023-12-31T09:18:22","slug":"sozialverband-warnt-zukunftsaengste-bis-in-mitte-der-gesellschaft","status":"publish","type":"post","link":"https:\/\/christusnews.de\/site\/sozialverband-warnt-zukunftsaengste-bis-in-mitte-der-gesellschaft\/","title":{"rendered":"Sozialverband warnt: Zukunfts\u00e4ngste bis in Mitte der Gesellschaft"},"content":{"rendered":"<p>Braunschweig\/Essen (epd). Der Sozialverband Deutschland (SoVD) blickt zum Jahresende mit Sorge auf die gesellschaftliche Lage im Land.&nbsp;\u00abViele Menschen haben gro\u00dfe Zukunfts\u00e4ngste und existenzielle Probleme &#8211; bis tief in die Mitte der Gesellschaft hinein\u00bb, sagte die Vorstandsvorsitzende Michaela Engelmeier den Zeitungen der Funke Mediengruppe (Sonnabend). \u00abKonflikte innerhalb der Bev\u00f6lkerung nehmen zu, und der gesellschaftliche Zusammenhalt br\u00f6ckelt.\u00bb&nbsp;<br \/>\n&nbsp; &nbsp;<br \/>\nIn einem Positionspapier mit \u00abForderungen f\u00fcr ein gerechtes und soziales 2024\u00bb warnt der Sozialverband laut den Funke-Zeitungen:&nbsp;\u00abImmer gr\u00f6\u00dfere Teile der Gesellschaft vertreten rechtspopulistische, fremden- und minderheitenfeindliche Positionen.\u00bb Wer nun im Sozialbereich k\u00fcrzen wolle, handele grob fahrl\u00e4ssig.<br \/>\n&nbsp; &nbsp;<br \/>\nDer Verband fordert, die Schuldenbremse erneut auszusetzen und zu reformieren, \u00abum notwendige umfangreiche Investitionen in unsere Zukunft zu erm\u00f6glichen\u00bb. Zudem sollen Reiche und Erben mehr f\u00fcr den sozialen Ausgleich leisten. \u00abDies beinhaltet die Wiedereinf\u00fchrung einer Verm\u00f6genssteuer, die Erh\u00f6hung des Spitzensteuersatzes und eine gerechtere Besteuerung hoher Erbschaften\u00bb, erkl\u00e4rte Engelmeier.<br \/>\n&nbsp; &nbsp;<br \/>\nZur Unterst\u00fctzung von Haushalten mit geringen Einkommen sprach sich die Verbandsvorsitzende f\u00fcr eine deutliche Erh\u00f6hung des gesetzlichen Mindestlohns aus. \u00abDer Mindestlohn muss auf armutsfeste 15,02 Euro steigen, da so die besonders starke Inflation f\u00fcr Menschen im Niedriglohnsektor ausgeglichen wird\u00bb, sagte Engelmeier. \u00abAu\u00dferdem braucht es viel mehr sozialen Wohnungsbau, um mehr bezahlbaren Wohnraum zu schaffen.\u00bb<\/p>\n<p>Kirche-Oldenburg<br \/>\n<a href=\"https:\/\/www.kirche-oldenburg.de\/\/aktuell\/news-niedersachsen\/artikel\/sozialverband-warnt-zukunftsaengste-bis-in-mitte-der-gesellschaft\" target=\"_blank\" rel=\"noopener\">Sozialverband warnt: Zukunfts\u00e4ngste bis in Mitte der Gesellschaft<\/a><\/p>\n","protected":false},"excerpt":{"rendered":"<p>Braunschweig\/Essen (epd). Der Sozialverband Deutschland (SoVD) blickt zum Jahresende mit Sorge auf die gesellschaftliche Lage im Land.&nbsp;\u00abViele Menschen haben gro\u00dfe Zukunfts\u00e4ngste und existenzielle Probleme &#8211; bis tief in die Mitte der Gesellschaft hinein\u00bb, sagte die Vorstandsvorsitzende Michaela Engelmeier den Zeitungen der Funke Mediengruppe (Sonnabend). \u00abKonflikte innerhalb der Bev\u00f6lkerung nehmen zu, und der gesellschaftliche Zusammenhalt br\u00f6ckelt.\u00bb&nbsp; &nbsp; &nbsp; In einem Positionspapier mit \u00abForderungen f\u00fcr ein gerechtes und soziales 2024\u00bb warnt der Sozialverband laut den Funke-Zeitungen:&nbsp;\u00abImmer gr\u00f6\u00dfere Teile der Gesellschaft vertreten rechtspopulistische, fremden- und minderheitenfeindliche Positionen.\u00bb Wer nun im Sozialbereich k\u00fcrzen wolle, handele grob fahrl\u00e4ssig. &nbsp; &nbsp; Der Verband fordert, die Schuldenbremse&#8230;<\/p>\n","protected":false},"author":7,"featured_media":0,"comment_status":"false","ping_status":"open","sticky":false,"template":"","format":"standard","meta":{"footnotes":""},"categories":[43],"tags":[44],"class_list":["post-26073","post","type-post","status-publish","format-standard","hentry","category-kirche-oldenburg","tag-kirche-oldenburg"],"_links":{"self":[{"href":"https:\/\/christusnews.de\/site\/wp-json\/wp\/v2\/posts\/26073","targetHints":{"allow":["GET"]}}],"collection":[{"href":"https:\/\/christusnews.de\/site\/wp-json\/wp\/v2\/posts"}],"about":[{"href":"https:\/\/christusnews.de\/site\/wp-json\/wp\/v2\/types\/post"}],"author":[{"embeddable":true,"href":"https:\/\/christusnews.de\/site\/wp-json\/wp\/v2\/users\/7"}],"replies":[{"embeddable":true,"href":"https:\/\/christusnews.de\/site\/wp-json\/wp\/v2\/comments?post=26073"}],"version-history":[{"count":1,"href":"https:\/\/christusnews.de\/site\/wp-json\/wp\/v2\/posts\/26073\/revisions"}],"predecessor-version":[{"id":26074,"href":"https:\/\/christusnews.de\/site\/wp-json\/wp\/v2\/posts\/26073\/revisions\/26074"}],"wp:attachment":[{"href":"https:\/\/christusnews.de\/site\/wp-json\/wp\/v2\/media?parent=26073"}],"wp:term":[{"taxonomy":"category","embeddable":true,"href":"https:\/\/christusnews.de\/site\/wp-json\/wp\/v2\/categories?post=26073"},{"taxonomy":"post_tag","embeddable":true,"href":"https:\/\/christusnews.de\/site\/wp-json\/wp\/v2\/tags?post=26073"}],"curies":[{"name":"wp","href":"https:\/\/api.w.org\/{rel}","templated":true}]}}