{"id":26083,"date":"2023-12-31T14:21:41","date_gmt":"2023-12-31T13:21:41","guid":{"rendered":"https:\/\/christusnews.de\/site\/manzke-warnt-kirchen-vor-institutioneller-selbstgefaelligkeit\/"},"modified":"2024-01-01T10:17:25","modified_gmt":"2024-01-01T09:17:25","slug":"manzke-warnt-kirchen-vor-institutioneller-selbstgefaelligkeit","status":"publish","type":"post","link":"https:\/\/christusnews.de\/site\/manzke-warnt-kirchen-vor-institutioneller-selbstgefaelligkeit\/","title":{"rendered":"Manzke warnt Kirchen vor institutioneller Selbstgef\u00e4lligkeit"},"content":{"rendered":"<p><em>epd-Gespr\u00e4ch: Michael Grau<\/em><br \/>\n&nbsp; &nbsp;<br \/>\nB\u00fcckeburg (epd). Der schaumburg-lippische Landesbischof Karl-Hinrich Manzke hat die Kirchen vor institutioneller Selbstgef\u00e4lligkeit gewarnt. \u201eDie Menschen erwarten von der Kirche, dass sie eine Bewegung ist und eine gro\u00dfe Integrationskraft hat und anbietet\u201c, sagte der scheidende evangelische Bischof im Gespr\u00e4ch mit dem Evangelischen Pressedienst (epd) mit Blick auf die stark gestiegenen Austrittszahlen. \u201eEine selbstgef\u00e4llige Institutionalit\u00e4t war und ist hinderlich.\u201c Manzke (65) geht im Februar 2024 nach 15 Jahren als Landesbischof in den Ruhestand.<br \/>\n&nbsp; &nbsp;<br \/>\nSeit 1950 habe sich die Mitgliederzahl der Kirchen glatt halbiert, sagte er: von 96 Prozent der Bev\u00f6lkerung auf 48 Prozent. Dabei spielten objektive Ursachen eine Rolle wie etwa die wachsende Skepsis gegen\u00fcber gro\u00dfen Institutionen. Die Kirche habe aber auch selbst Fehler gemacht. Sie habe kaum eine Kundenorientierung entwickelt und h\u00e4ufig die N\u00e4he zu den Menschen verloren. So habe sie auch an Glaubw\u00fcrdigkeit und \u00dcberzeugungskraft verloren. Manzke sprach von einem \u201eEpochenbruch\u201c.<br \/>\n&nbsp; &nbsp;<br \/>\nDie \u00dcberzeugung, dass die Zugeh\u00f6rigkeit zur Kirche ganz selbstverst\u00e4ndlich von Generation zu Generation weitergegeben werde, sei falsch gewesen, sagte Manzke. Eine \u201ev\u00f6llige Fehleinsch\u00e4tzung\u201c sei auch die Annahme, dass Religiosit\u00e4t und Kirche deckungsgleich seien. Dies habe zu \u201eSelbstgen\u00fcgsamkeit und Selbstbeharrung\u201c gef\u00fchrt. Fr\u00f6mmigkeit und Spiritualit\u00e4t h\u00e4tten vielmehr auch au\u00dferhalb der Kirche einen Platz. Ein Fehler seien auch einseitige politische Positionierungen der Kirche gewesen.<br \/>\n&nbsp; &nbsp;<br \/>\nManzke rief die Kirchen auf, sich auf ihre zentralen Aufgaben zu konzentrieren. Dazu geh\u00f6rten sch\u00f6ne Gottesdienste, N\u00e4chstenliebe und die Unterst\u00fctzung der Menschen in ihrer Berufs- und Alltagswelt. Trotz r\u00fcckl\u00e4ufiger Mitgliederzahlen seien die gesellschaftliche Verankerung der Kirche und ihre soziale Reichweite weiterhin hoch. \u201eEine Kirche, die ihre Dienstaufgabe an der Gesellschaft wahrnimmt, steigert ihre Anerkennung.\u201c Das erlebe er etwa in seiner Arbeit in der Seelsorge bei der Bundespolizei oder in der Zusammenarbeit mit Unternehmen, Schulen, Handwerkern oder Landwirten vor Ort.<br \/>\n&nbsp; &nbsp;<br \/>\nDie Kirchen m\u00fcssten die Grenzen ihres eigenen Milieus weit \u00fcberschreiten, r\u00e4t der scheidende Bischof. Strukturfragen seien zweitrangig. Vielmehr gehe es darum, \u201eselbst eine neue Beziehung zur spirituellen und existentiellen Tiefe des Glaubens zu entwickeln und mit den Menschen zu leben\u201c. Zudem sei die Kirche \u201eein gro\u00dfartiges Bet\u00e4tigungsfeld f\u00fcr Ehrenamtliche\u201c.<br \/>\n&nbsp; &nbsp;<br \/>\nManzke steht seit 2009 an der Spitze der Evangelisch-Lutherischen Landeskirche Schaumburg-Lippe. Er ist zugleich Beauftragter des Rates der Evangelischen Kirche in Deutschland f\u00fcr die Seelsorge an der Bundespolizei und Beauftragter der Vereinigten Evangelisch-Lutherischen Kirche Deutschlands (VELKD) f\u00fcr das Gespr\u00e4ch mit der r\u00f6misch-katholischen Kirche.<\/p>\n<p>Kirche-Oldenburg<br \/>\n<a href=\"https:\/\/www.kirche-oldenburg.de\/\/aktuell\/news-niedersachsen\/artikel\/manzke-warnt-kirchen-vor-institutioneller-selbstgefaelligkeit\" target=\"_blank\" rel=\"noopener\">Manzke warnt Kirchen vor institutioneller Selbstgef\u00e4lligkeit<\/a><\/p>\n","protected":false},"excerpt":{"rendered":"<p>epd-Gespr\u00e4ch: Michael Grau &nbsp; &nbsp; B\u00fcckeburg (epd). Der schaumburg-lippische Landesbischof Karl-Hinrich Manzke hat die Kirchen vor institutioneller Selbstgef\u00e4lligkeit gewarnt. \u201eDie Menschen erwarten von der Kirche, dass sie eine Bewegung ist und eine gro\u00dfe Integrationskraft hat und anbietet\u201c, sagte der scheidende evangelische Bischof im Gespr\u00e4ch mit dem Evangelischen Pressedienst (epd) mit Blick auf die stark gestiegenen Austrittszahlen. \u201eEine selbstgef\u00e4llige Institutionalit\u00e4t war und ist hinderlich.\u201c Manzke (65) geht im Februar 2024 nach 15 Jahren als Landesbischof in den Ruhestand. &nbsp; &nbsp; Seit 1950 habe sich die Mitgliederzahl der Kirchen glatt halbiert, sagte er: von 96 Prozent der Bev\u00f6lkerung auf 48 Prozent. Dabei&#8230;<\/p>\n","protected":false},"author":7,"featured_media":0,"comment_status":"false","ping_status":"open","sticky":false,"template":"","format":"standard","meta":{"footnotes":""},"categories":[43],"tags":[44],"class_list":["post-26083","post","type-post","status-publish","format-standard","hentry","category-kirche-oldenburg","tag-kirche-oldenburg"],"_links":{"self":[{"href":"https:\/\/christusnews.de\/site\/wp-json\/wp\/v2\/posts\/26083","targetHints":{"allow":["GET"]}}],"collection":[{"href":"https:\/\/christusnews.de\/site\/wp-json\/wp\/v2\/posts"}],"about":[{"href":"https:\/\/christusnews.de\/site\/wp-json\/wp\/v2\/types\/post"}],"author":[{"embeddable":true,"href":"https:\/\/christusnews.de\/site\/wp-json\/wp\/v2\/users\/7"}],"replies":[{"embeddable":true,"href":"https:\/\/christusnews.de\/site\/wp-json\/wp\/v2\/comments?post=26083"}],"version-history":[{"count":1,"href":"https:\/\/christusnews.de\/site\/wp-json\/wp\/v2\/posts\/26083\/revisions"}],"predecessor-version":[{"id":26084,"href":"https:\/\/christusnews.de\/site\/wp-json\/wp\/v2\/posts\/26083\/revisions\/26084"}],"wp:attachment":[{"href":"https:\/\/christusnews.de\/site\/wp-json\/wp\/v2\/media?parent=26083"}],"wp:term":[{"taxonomy":"category","embeddable":true,"href":"https:\/\/christusnews.de\/site\/wp-json\/wp\/v2\/categories?post=26083"},{"taxonomy":"post_tag","embeddable":true,"href":"https:\/\/christusnews.de\/site\/wp-json\/wp\/v2\/tags?post=26083"}],"curies":[{"name":"wp","href":"https:\/\/api.w.org\/{rel}","templated":true}]}}