{"id":26085,"date":"2023-12-31T14:19:03","date_gmt":"2023-12-31T13:19:03","guid":{"rendered":"https:\/\/christusnews.de\/site\/bremische-kirche-oeffnet-kulturatelier-fuer-menschen-mit-demenz\/"},"modified":"2024-01-01T10:17:26","modified_gmt":"2024-01-01T09:17:26","slug":"bremische-kirche-oeffnet-kulturatelier-fuer-menschen-mit-demenz","status":"publish","type":"post","link":"https:\/\/christusnews.de\/site\/bremische-kirche-oeffnet-kulturatelier-fuer-menschen-mit-demenz\/","title":{"rendered":"Bremische Kirche \u00f6ffnet &quot;Kulturatelier&quot; f\u00fcr Menschen mit Demenz"},"content":{"rendered":"<p>Bremen (epd). Die Bremische Evangelische Kirche will im neuen Jahr ihr \u201eKulturatelier\u201c f\u00fcr Menschen mit Demenz fortf\u00fchren. Das Angebot wende sich auch an pflegende Angeh\u00f6rige, erkl\u00e4rte Bettina Sch\u00fcrg von der kirchlichen \u201eFachstelle Alter\u201c. Das Atelier biete sich als Ort an, um Kunst und Kultur zu erleben und so Abstand zu einer meist sehr anstrengenden und stressigen Alltagssituation zu gewinnen.<br \/>\n\u201eInsbesondere den pflegenden Angeh\u00f6rigen m\u00f6chten wir erm\u00f6glichen, eine kulturelle Auszeit zu erleben\u201c, verdeutlichte Sch\u00fcrg. Zum kostenlosen Kreativ-Angebot geh\u00f6ren den Angaben zufolge gemeinsame Aktionen wie Musik h\u00f6ren und singen, Spazierg\u00e4nge sowie Gedichte und Geschichten.<br \/>\n&nbsp; &nbsp;<br \/>\nW\u00f6chentliche Treffpunkte gibt es in den Gemeindezentren Horn (Horner Heerstra\u00dfe) und Unser Lieben Frauen (H.-H.-Meier-Allee). N\u00e4here Informationen gibt es bei der Leiterin des Kulturateliers, Babette Ehlers (Kontakt: 0160\/97701429, <a href=\"mailto:b.ehlers@kirche-bremen.de\">b.ehlers@kirche-bremen.de<\/a>). Laut Sch\u00fcrg wird das Projekt von der Bremer Sozialbeh\u00f6rde gef\u00f6rdert.<\/p>\n<p>Kirche-Oldenburg<br \/>\n<a href=\"https:\/\/www.kirche-oldenburg.de\/\/aktuell\/news-niedersachsen\/artikel\/bremische-kirche-oeffnet-kulturatelier-fuer-menschen-mit-demenz\" target=\"_blank\" rel=\"noopener\">Bremische Kirche \u00f6ffnet &quot;Kulturatelier&quot; f\u00fcr Menschen mit Demenz<\/a><\/p>\n","protected":false},"excerpt":{"rendered":"<p>Bremen (epd). Die Bremische Evangelische Kirche will im neuen Jahr ihr \u201eKulturatelier\u201c f\u00fcr Menschen mit Demenz fortf\u00fchren. Das Angebot wende sich auch an pflegende Angeh\u00f6rige, erkl\u00e4rte Bettina Sch\u00fcrg von der kirchlichen \u201eFachstelle Alter\u201c. Das Atelier biete sich als Ort an, um Kunst und Kultur zu erleben und so Abstand zu einer meist sehr anstrengenden und stressigen Alltagssituation zu gewinnen. \u201eInsbesondere den pflegenden Angeh\u00f6rigen m\u00f6chten wir erm\u00f6glichen, eine kulturelle Auszeit zu erleben\u201c, verdeutlichte Sch\u00fcrg. Zum kostenlosen Kreativ-Angebot geh\u00f6ren den Angaben zufolge gemeinsame Aktionen wie Musik h\u00f6ren und singen, Spazierg\u00e4nge sowie Gedichte und Geschichten. &nbsp; &nbsp; W\u00f6chentliche Treffpunkte gibt es in den&#8230;<\/p>\n","protected":false},"author":7,"featured_media":0,"comment_status":"false","ping_status":"open","sticky":false,"template":"","format":"standard","meta":{"footnotes":""},"categories":[43],"tags":[44],"class_list":["post-26085","post","type-post","status-publish","format-standard","hentry","category-kirche-oldenburg","tag-kirche-oldenburg"],"_links":{"self":[{"href":"https:\/\/christusnews.de\/site\/wp-json\/wp\/v2\/posts\/26085","targetHints":{"allow":["GET"]}}],"collection":[{"href":"https:\/\/christusnews.de\/site\/wp-json\/wp\/v2\/posts"}],"about":[{"href":"https:\/\/christusnews.de\/site\/wp-json\/wp\/v2\/types\/post"}],"author":[{"embeddable":true,"href":"https:\/\/christusnews.de\/site\/wp-json\/wp\/v2\/users\/7"}],"replies":[{"embeddable":true,"href":"https:\/\/christusnews.de\/site\/wp-json\/wp\/v2\/comments?post=26085"}],"version-history":[{"count":1,"href":"https:\/\/christusnews.de\/site\/wp-json\/wp\/v2\/posts\/26085\/revisions"}],"predecessor-version":[{"id":26086,"href":"https:\/\/christusnews.de\/site\/wp-json\/wp\/v2\/posts\/26085\/revisions\/26086"}],"wp:attachment":[{"href":"https:\/\/christusnews.de\/site\/wp-json\/wp\/v2\/media?parent=26085"}],"wp:term":[{"taxonomy":"category","embeddable":true,"href":"https:\/\/christusnews.de\/site\/wp-json\/wp\/v2\/categories?post=26085"},{"taxonomy":"post_tag","embeddable":true,"href":"https:\/\/christusnews.de\/site\/wp-json\/wp\/v2\/tags?post=26085"}],"curies":[{"name":"wp","href":"https:\/\/api.w.org\/{rel}","templated":true}]}}