{"id":26087,"date":"2024-01-02T08:12:23","date_gmt":"2024-01-02T07:12:23","guid":{"rendered":"https:\/\/christusnews.de\/site\/?p=26087"},"modified":"2024-01-02T08:12:24","modified_gmt":"2024-01-02T07:12:24","slug":"abendklang-am-7-januar-faellt-aus","status":"publish","type":"post","link":"https:\/\/christusnews.de\/site\/abendklang-am-7-januar-faellt-aus\/","title":{"rendered":"Abendklang am 7. Januar f\u00e4llt aus"},"content":{"rendered":"\n<p>Abendklang am 7. Januar f\u00e4llt aus. Der geplante Abendklang mit Holger Trempeck-Wilken und einem seiner Sch\u00fcler F. Hark f\u00e4llt aus, wegen Krankheit-. Er wird am 24. Februar nachgeholt. <\/p>\n","protected":false},"excerpt":{"rendered":"<p>Abendklang am 7. Januar f\u00e4llt aus. Der geplante Abendklang mit Holger Trempeck-Wilken und einem seiner Sch\u00fcler F. Hark f\u00e4llt aus, wegen Krankheit-. Er wird am 24. Februar nachgeholt.<\/p>\n","protected":false},"author":2,"featured_media":25568,"comment_status":"closed","ping_status":"open","sticky":false,"template":"","format":"standard","meta":{"footnotes":""},"categories":[1],"tags":[],"class_list":["post-26087","post","type-post","status-publish","format-standard","has-post-thumbnail","hentry","category-gemeinde"],"_links":{"self":[{"href":"https:\/\/christusnews.de\/site\/wp-json\/wp\/v2\/posts\/26087","targetHints":{"allow":["GET"]}}],"collection":[{"href":"https:\/\/christusnews.de\/site\/wp-json\/wp\/v2\/posts"}],"about":[{"href":"https:\/\/christusnews.de\/site\/wp-json\/wp\/v2\/types\/post"}],"author":[{"embeddable":true,"href":"https:\/\/christusnews.de\/site\/wp-json\/wp\/v2\/users\/2"}],"replies":[{"embeddable":true,"href":"https:\/\/christusnews.de\/site\/wp-json\/wp\/v2\/comments?post=26087"}],"version-history":[{"count":1,"href":"https:\/\/christusnews.de\/site\/wp-json\/wp\/v2\/posts\/26087\/revisions"}],"predecessor-version":[{"id":26088,"href":"https:\/\/christusnews.de\/site\/wp-json\/wp\/v2\/posts\/26087\/revisions\/26088"}],"wp:featuredmedia":[{"embeddable":true,"href":"https:\/\/christusnews.de\/site\/wp-json\/wp\/v2\/media\/25568"}],"wp:attachment":[{"href":"https:\/\/christusnews.de\/site\/wp-json\/wp\/v2\/media?parent=26087"}],"wp:term":[{"taxonomy":"category","embeddable":true,"href":"https:\/\/christusnews.de\/site\/wp-json\/wp\/v2\/categories?post=26087"},{"taxonomy":"post_tag","embeddable":true,"href":"https:\/\/christusnews.de\/site\/wp-json\/wp\/v2\/tags?post=26087"}],"curies":[{"name":"wp","href":"https:\/\/api.w.org\/{rel}","templated":true}]}}