{"id":26090,"date":"2024-01-01T14:14:00","date_gmt":"2024-01-01T13:14:00","guid":{"rendered":"https:\/\/christusnews.de\/site\/bischof-meyns-was-uns-eint-ist-die-bitte-um-frieden\/"},"modified":"2024-01-02T10:17:22","modified_gmt":"2024-01-02T09:17:22","slug":"bischof-meyns-was-uns-eint-ist-die-bitte-um-frieden","status":"publish","type":"post","link":"https:\/\/christusnews.de\/site\/bischof-meyns-was-uns-eint-ist-die-bitte-um-frieden\/","title":{"rendered":"Bischof Meyns: Was uns eint, ist die Bitte um Frieden"},"content":{"rendered":"<p>Braunschweig (epd). Der braunschweigische Landesbischof Christoph Meyns hat die Bitte um Frieden in den Mittelpunkt seiner Predigt zum Jahreswechsel gestellt. \u00abWas uns im Blick auf das neue Jahr eint, ist die Bitte um Frieden\u00bb, sagte der evangelische Theologe am Sonntagabend (Silvester) im Braunschweiger Dom. Er bitte Gott um Frieden f\u00fcr die Ukraine, Israel und Gaza sowie f\u00fcr alle Opfer von Hass und Gewalt. Die M\u00e4chtigen sollten Einsicht, Weisheit und Vernunft walten lassen.<br \/>\n&nbsp; &nbsp;<br \/>\nZudem hob der Bischof die Lage der Strafgefangenen hervor, etwa in der Justizvollzugsanstalt Wolfenb\u00fcttel. Dort verb\u00fc\u00dften Menschen ihre Strafe, die schwere Schuld auf sich geladen und schlimme Straftaten begangen h\u00e4tten. \u00abEinige verb\u00fc\u00dfen eine Strafe bei uns aufgrund einer Verurteilung des Internationalen Strafgerichtshofs in Den Haag f\u00fcr Kriegsverbrechen.\u00bb Sie seien besonders der F\u00fcrbitte bed\u00fcrftig, damit sie zur Einsicht in ihre Schuld und zu echter Umkehr gelangten, sagte Meyns. Auch sie seien Kinder Gottes.<\/p>\n<p>Kirche-Oldenburg<br \/>\n<a href=\"https:\/\/www.kirche-oldenburg.de\/\/aktuell\/news-niedersachsen\/artikel\/bischof-meyns-was-uns-eint-ist-die-bitte-um-frieden\" target=\"_blank\" rel=\"noopener\">Bischof Meyns: Was uns eint, ist die Bitte um Frieden<\/a><\/p>\n","protected":false},"excerpt":{"rendered":"<p>Braunschweig (epd). Der braunschweigische Landesbischof Christoph Meyns hat die Bitte um Frieden in den Mittelpunkt seiner Predigt zum Jahreswechsel gestellt. \u00abWas uns im Blick auf das neue Jahr eint, ist die Bitte um Frieden\u00bb, sagte der evangelische Theologe am Sonntagabend (Silvester) im Braunschweiger Dom. Er bitte Gott um Frieden f\u00fcr die Ukraine, Israel und Gaza sowie f\u00fcr alle Opfer von Hass und Gewalt. Die M\u00e4chtigen sollten Einsicht, Weisheit und Vernunft walten lassen. &nbsp; &nbsp; Zudem hob der Bischof die Lage der Strafgefangenen hervor, etwa in der Justizvollzugsanstalt Wolfenb\u00fcttel. Dort verb\u00fc\u00dften Menschen ihre Strafe, die schwere Schuld auf sich geladen und&#8230;<\/p>\n","protected":false},"author":7,"featured_media":0,"comment_status":"false","ping_status":"open","sticky":false,"template":"","format":"standard","meta":{"footnotes":""},"categories":[43],"tags":[44],"class_list":["post-26090","post","type-post","status-publish","format-standard","hentry","category-kirche-oldenburg","tag-kirche-oldenburg"],"_links":{"self":[{"href":"https:\/\/christusnews.de\/site\/wp-json\/wp\/v2\/posts\/26090","targetHints":{"allow":["GET"]}}],"collection":[{"href":"https:\/\/christusnews.de\/site\/wp-json\/wp\/v2\/posts"}],"about":[{"href":"https:\/\/christusnews.de\/site\/wp-json\/wp\/v2\/types\/post"}],"author":[{"embeddable":true,"href":"https:\/\/christusnews.de\/site\/wp-json\/wp\/v2\/users\/7"}],"replies":[{"embeddable":true,"href":"https:\/\/christusnews.de\/site\/wp-json\/wp\/v2\/comments?post=26090"}],"version-history":[{"count":1,"href":"https:\/\/christusnews.de\/site\/wp-json\/wp\/v2\/posts\/26090\/revisions"}],"predecessor-version":[{"id":26091,"href":"https:\/\/christusnews.de\/site\/wp-json\/wp\/v2\/posts\/26090\/revisions\/26091"}],"wp:attachment":[{"href":"https:\/\/christusnews.de\/site\/wp-json\/wp\/v2\/media?parent=26090"}],"wp:term":[{"taxonomy":"category","embeddable":true,"href":"https:\/\/christusnews.de\/site\/wp-json\/wp\/v2\/categories?post=26090"},{"taxonomy":"post_tag","embeddable":true,"href":"https:\/\/christusnews.de\/site\/wp-json\/wp\/v2\/tags?post=26090"}],"curies":[{"name":"wp","href":"https:\/\/api.w.org\/{rel}","templated":true}]}}