{"id":26094,"date":"2024-01-02T19:00:30","date_gmt":"2024-01-02T18:00:30","guid":{"rendered":"https:\/\/christusnews.de\/site\/abendklang-am-7-januar-faellt-aus-der-geplante-abendklang-mit-holger-trempeck-wilken-und-einem-seiner-schueler-f-hark-faellt-aus-wegen-krankheit-er-wird-am-24-februar-nachgeholt\/"},"modified":"2024-01-02T22:18:26","modified_gmt":"2024-01-02T21:18:26","slug":"abendklang-am-7-januar-faellt-aus-der-geplante-abendklang-mit-holger-trempeck-wilken-und-einem-seiner-schueler-f-hark-faellt-aus-wegen-krankheit-er-wird-am-24-februar-nachgeholt","status":"publish","type":"post","link":"https:\/\/christusnews.de\/site\/abendklang-am-7-januar-faellt-aus-der-geplante-abendklang-mit-holger-trempeck-wilken-und-einem-seiner-schueler-f-hark-faellt-aus-wegen-krankheit-er-wird-am-24-februar-nachgeholt\/","title":{"rendered":"Abendklang am 7. Januar f\u00e4llt aus. Der geplante Abendklang mit Holger Trempeck-Wilken und einem seiner Sch\u00fcler F. Hark f\u00e4llt aus, wegen Krankheit-. Er wird am 24. Februar nachgeholt."},"content":{"rendered":"<p>Abendklang am 7. Januar f\u00e4llt aus. Der geplante Abendklang mit Holger Trempeck-Wilken und einem seiner Sch\u00fcler F. Hark f\u00e4llt aus, wegen Krankheit-. Er wird am 24. Februar nachgeholt.<br \/>\nHAVENKIRCHE@FB<br \/>\n<a href=\"https:\/\/www.facebook.com\/396185572708352\/posts\/677517394575167\" target=\"_blank\" rel=\"noopener\">Abendklang am 7. Januar f\u00e4llt aus. Der geplante Abendklang mit Holger Trempeck-Wilken und einem seiner Sch\u00fcler F. Hark f\u00e4llt aus, wegen Krankheit-. Er wird am 24. Februar nachgeholt.<\/a><\/p>\n","protected":false},"excerpt":{"rendered":"<p>Abendklang am 7. Januar f\u00e4llt aus. Der geplante Abendklang mit Holger Trempeck-Wilken und einem seiner Sch\u00fcler F. Hark f\u00e4llt aus, wegen Krankheit-. Er wird am 24. Februar nachgeholt. HAVENKIRCHE@FB Abendklang am 7. Januar f\u00e4llt aus. Der geplante Abendklang mit Holger Trempeck-Wilken und einem seiner Sch\u00fcler F. Hark f\u00e4llt aus, wegen Krankheit-. Er wird am 24. Februar nachgeholt.<\/p>\n","protected":false},"author":6,"featured_media":0,"comment_status":"false","ping_status":"open","sticky":false,"template":"","format":"standard","meta":{"footnotes":""},"categories":[75],"tags":[76],"class_list":["post-26094","post","type-post","status-publish","format-standard","hentry","category-havenkirche","tag-havenkirche"],"_links":{"self":[{"href":"https:\/\/christusnews.de\/site\/wp-json\/wp\/v2\/posts\/26094","targetHints":{"allow":["GET"]}}],"collection":[{"href":"https:\/\/christusnews.de\/site\/wp-json\/wp\/v2\/posts"}],"about":[{"href":"https:\/\/christusnews.de\/site\/wp-json\/wp\/v2\/types\/post"}],"author":[{"embeddable":true,"href":"https:\/\/christusnews.de\/site\/wp-json\/wp\/v2\/users\/6"}],"replies":[{"embeddable":true,"href":"https:\/\/christusnews.de\/site\/wp-json\/wp\/v2\/comments?post=26094"}],"version-history":[{"count":1,"href":"https:\/\/christusnews.de\/site\/wp-json\/wp\/v2\/posts\/26094\/revisions"}],"predecessor-version":[{"id":26095,"href":"https:\/\/christusnews.de\/site\/wp-json\/wp\/v2\/posts\/26094\/revisions\/26095"}],"wp:attachment":[{"href":"https:\/\/christusnews.de\/site\/wp-json\/wp\/v2\/media?parent=26094"}],"wp:term":[{"taxonomy":"category","embeddable":true,"href":"https:\/\/christusnews.de\/site\/wp-json\/wp\/v2\/categories?post=26094"},{"taxonomy":"post_tag","embeddable":true,"href":"https:\/\/christusnews.de\/site\/wp-json\/wp\/v2\/tags?post=26094"}],"curies":[{"name":"wp","href":"https:\/\/api.w.org\/{rel}","templated":true}]}}