{"id":26102,"date":"2024-01-05T09:33:03","date_gmt":"2024-01-05T08:33:03","guid":{"rendered":"https:\/\/christusnews.de\/site\/?p=26102"},"modified":"2024-01-03T09:33:32","modified_gmt":"2024-01-03T08:33:32","slug":"tag-des-lichtes","status":"publish","type":"post","link":"https:\/\/christusnews.de\/site\/tag-des-lichtes\/","title":{"rendered":"Tag des Lichtes"},"content":{"rendered":"\n<p>Morgen ist Epiphanias. Das gro\u00dfe Fest des Lichtes am 6. Januar. Jesus erscheint seinen Leuten als helle Lichtgestalt. Ich mag dieses Fest mit seinen hellen und lichten Bildern und Gedanken sehr.&nbsp;<\/p>\n\n\n\n<p>Aber es kommt rund um den 6. Januar auch immer wieder zu Irritationen. Viele Menschen haben den Festtag als Tag der \u201eHeiligen drei K\u00f6nige\u201c abgespeichert. Bei uns im Norden werden die drei K\u00f6nige etwas weniger auff\u00e4llig gefeiert als im S\u00fcden.<\/p>\n\n\n\n<p>Wir haben uns mit jungen Leuten bei der Vorbereitung des Krippenspieles die Geschichte vom hellen Stern \u00fcber Bethlehem im Matth\u00e4usevangelium nochmal gemeinsam angeschaut und ganz genau gelesen. Und eine Jugendliche hat eine wunderbare Entdeckung gemacht. \u201eHier steht ja gar nichts von drei K\u00f6nigen, sondern von Weisen aus dem Morgenland. Wie viele es sind \u2013 das steht da nicht.\u201c Gut &#8211; sie hatten drei Geschenke dabei \u2013 Weihrauch, Myrre und Gold. Aber die drei Geschenke k\u00f6nnen sie auch zu zweit oder zu zw\u00f6lft mitgebracht haben.\u201c Das ist mal eine Entdeckung. Da steht nichts von drei K\u00f6nigen, sondern von einer nicht n\u00e4her bestimmten Zahl von Magoi \u2013 von Fachleuten, die die Magie der Sternenkr\u00e4fte sehr intensiv studiert haben und kennen. Und die sich tats\u00e4chlich aus dem Osten auf den Weg machen. Weil dieser Stern \u00fcber Bethlehem ganz offensichtlich sehr auff\u00e4llig hell strahlt und gl\u00e4nzt.&nbsp;<\/p>\n\n\n\n<p>Im Grunde ist es ja auch nicht wichtig, wie vieles es waren und ob sie wie K\u00f6nige gefeiert wurden. Wichtig ist das Licht. Und manchmal, wenn man genau hinschaut, dann geht einem ein kleines oder gro\u00dfes Licht auf. Und das ist das eigentlich wertvolle am Epiphanias Fest: Wir d\u00fcrfen erkennen, dass unser Leben unter ganz besonderem Licht gl\u00e4nzt und leuchtet.<\/p>\n\n\n\n<p><\/p>\n\n\n\n<blockquote class=\"wp-block-quote is-layout-flow wp-block-quote-is-layout-flow\">\n<p id=\"block-e1fb04d9-c3be-42c8-a2c8-f0fda48bf077\"><strong>Bernhard Busemann<\/strong><\/p>\n\n\n\n<p id=\"block-4856caf7-8571-49e2-9264-db73626b066a\">H<em>\u00f6ren Sie diesen Beitrag bei Radio Jade:<\/em><br><a href=\"http:\/\/www.radio-jade.de\/mediathek\/angedacht\/\" target=\"_blank\" rel=\"noreferrer noopener\"><em>Alle Beitr\u00e4ge im \u00dcberblick | RADIO JADE<\/em><\/a><\/p>\n<\/blockquote>\n","protected":false},"excerpt":{"rendered":"<p>Morgen ist Epiphanias. Das gro\u00dfe Fest des Lichtes am 6. Januar. Jesus erscheint seinen Leuten als helle Lichtgestalt. Ich mag dieses Fest mit seinen hellen und lichten Bildern und Gedanken sehr.&nbsp; Aber es kommt rund um den 6. Januar auch immer wieder zu Irritationen. Viele Menschen haben den Festtag als Tag der \u201eHeiligen drei K\u00f6nige\u201c abgespeichert. Bei uns im Norden werden die drei K\u00f6nige etwas weniger auff\u00e4llig gefeiert als im S\u00fcden. Wir haben uns mit jungen Leuten bei der Vorbereitung des Krippenspieles die Geschichte vom hellen Stern \u00fcber Bethlehem im Matth\u00e4usevangelium nochmal gemeinsam angeschaut und ganz genau gelesen. Und eine&#8230;<\/p>\n","protected":false},"author":6,"featured_media":1171,"comment_status":"closed","ping_status":"open","sticky":false,"template":"","format":"standard","meta":{"footnotes":""},"categories":[5],"tags":[],"class_list":["post-26102","post","type-post","status-publish","format-standard","has-post-thumbnail","hentry","category-angedacht"],"_links":{"self":[{"href":"https:\/\/christusnews.de\/site\/wp-json\/wp\/v2\/posts\/26102","targetHints":{"allow":["GET"]}}],"collection":[{"href":"https:\/\/christusnews.de\/site\/wp-json\/wp\/v2\/posts"}],"about":[{"href":"https:\/\/christusnews.de\/site\/wp-json\/wp\/v2\/types\/post"}],"author":[{"embeddable":true,"href":"https:\/\/christusnews.de\/site\/wp-json\/wp\/v2\/users\/6"}],"replies":[{"embeddable":true,"href":"https:\/\/christusnews.de\/site\/wp-json\/wp\/v2\/comments?post=26102"}],"version-history":[{"count":1,"href":"https:\/\/christusnews.de\/site\/wp-json\/wp\/v2\/posts\/26102\/revisions"}],"predecessor-version":[{"id":26103,"href":"https:\/\/christusnews.de\/site\/wp-json\/wp\/v2\/posts\/26102\/revisions\/26103"}],"wp:featuredmedia":[{"embeddable":true,"href":"https:\/\/christusnews.de\/site\/wp-json\/wp\/v2\/media\/1171"}],"wp:attachment":[{"href":"https:\/\/christusnews.de\/site\/wp-json\/wp\/v2\/media?parent=26102"}],"wp:term":[{"taxonomy":"category","embeddable":true,"href":"https:\/\/christusnews.de\/site\/wp-json\/wp\/v2\/categories?post=26102"},{"taxonomy":"post_tag","embeddable":true,"href":"https:\/\/christusnews.de\/site\/wp-json\/wp\/v2\/tags?post=26102"}],"curies":[{"name":"wp","href":"https:\/\/api.w.org\/{rel}","templated":true}]}}