{"id":26119,"date":"2024-01-03T12:21:33","date_gmt":"2024-01-03T11:21:33","guid":{"rendered":"https:\/\/christusnews.de\/site\/neuer-vorstand-nimmt-arbeit-auf\/"},"modified":"2024-01-03T22:18:33","modified_gmt":"2024-01-03T21:18:33","slug":"neuer-vorstand-nimmt-arbeit-auf","status":"publish","type":"post","link":"https:\/\/christusnews.de\/site\/neuer-vorstand-nimmt-arbeit-auf\/","title":{"rendered":"Neuer Vorstand nimmt Arbeit auf"},"content":{"rendered":"<p>Zum Start ins neue Jahr hat auch der neue Vorstand der Diakonie im Oldenburger Land seine T\u00e4tigkeit aufgenommen. Mario Behrends als kaufm\u00e4nnischer Vorstand und Pfarrer Dr. Friedrich Ley als theologischer Vorstand l\u00f6sen Uwe K. Kollmann und Pfarrer Thomas Feld ab. Beide haben sich in den Ruhestand verabschiedet und werden am Sonnabend, dem 6. Januar, offiziell in einem Gottesdienst von Bischof Thomas Adomeit entpflichtet.<br \/>\n&nbsp; &nbsp;<br \/>\nZu Beginn ihrer T\u00e4tigkeit wollen sich die neuen Vorst\u00e4nde Mario Behrends und Dr. Friedrich Ley Zeit nehmen, um die Mitarbeitenden in den verschiedenen Arbeitsfeldern der Diakonie im Oldenburger Land kennen zu lernen. Beide sehen das Diakonische Werk im Oldenburger Land trotz der aktuell herausfordernden Lage in den sozialen Arbeitsfeldern zukunftsf\u00e4hig. \u201eWir freuen uns darauf, die weitere Entwicklung der Diakonie im Oldenburger Land mitzugestalten.\u201c<br \/>\n&nbsp; &nbsp;<br \/>\n\u201eEs ist wichtig, die Chancen f\u00fcr die Zukunft zu ergreifen und sich weiter daf\u00fcr einzusetzen, dass sich die gesellschaftliche Haltung zu den sozialen Berufen verbessert\u201c, sagt Behrends. \u201eDie Herausforderungen und Ver\u00e4nderungen f\u00fcr die Diakonie im Oldenburger Land k\u00f6nnen nur gemeinsam angegangen werden. Dazu braucht es das ganze Team\u201c, betont Dr. Ley.<br \/>\n&nbsp; &nbsp;<br \/>\nDas Diakonische Werk der Ev.-Luth. Kirche in Oldenburg e.V. ist mit seinen gemeinn\u00fctzigen Gesellschaften in den Gesch\u00e4ftsbereichen Altenhilfe, F\u00f6rderung und Therapie, Jugendhilfe, Suchtkranken- und Gef\u00e4hrdetenhilfe, der Kirchenkreissozialarbeit und der Wohnungsnotfallhilfe t\u00e4tig. Bei der Diakonie im Oldenburger Land sind etwa 1.500 Mitarbeitende besch\u00e4ftigt.<br \/>\n&nbsp; &nbsp;<br \/>\n<strong>Informationen zu den neuen Vorst\u00e4nden:<\/strong><br \/>\n<em>Mario Behrends<\/em> (49 Jahre) wechselt vom Ev. luth. Wichernstift e.V. zum Diakonischen Werk im Oldenburger Land. Dort war er als Gesch\u00e4ftsf\u00fchrer f\u00fcr \u00fcber 400 Mitarbeitende in acht Tochtergesellschaften zust\u00e4ndig.<br \/>\n&nbsp; &nbsp;<br \/>\n<em>Dr. Friedrich Ley<\/em> (51 Jahre) wechselt aus dem Landeskirchenamt in Hannover nach Oldenburg. Davor war er Gesch\u00e4ftsf\u00fchrer des orthop\u00e4dischen Fachkrankenhauses Annastift und Theologischer Direktor der Diakovere-Krankenhaus gGmbH sowie Gesch\u00e4ftsf\u00fchrer der Annastift Leben und Lernen gGmbH mit dem Schwerpunkt Hilfen f\u00fcr Kinder, Jugendliche und Menschen mit Behinderung.<\/p>\n<p>Kirche-Oldenburg<br \/>\n<a href=\"https:\/\/www.kirche-oldenburg.de\/\/aktuell\/pressemitteilungen\/artikel\/neuer-vorstand-nimmt-arbeit-auf\" target=\"_blank\" rel=\"noopener\">Neuer Vorstand nimmt Arbeit auf<\/a><\/p>\n","protected":false},"excerpt":{"rendered":"<p>Zum Start ins neue Jahr hat auch der neue Vorstand der Diakonie im Oldenburger Land seine T\u00e4tigkeit aufgenommen. Mario Behrends als kaufm\u00e4nnischer Vorstand und Pfarrer Dr. Friedrich Ley als theologischer Vorstand l\u00f6sen Uwe K. Kollmann und Pfarrer Thomas Feld ab. Beide haben sich in den Ruhestand verabschiedet und werden am Sonnabend, dem 6. Januar, offiziell in einem Gottesdienst von Bischof Thomas Adomeit entpflichtet. &nbsp; &nbsp; Zu Beginn ihrer T\u00e4tigkeit wollen sich die neuen Vorst\u00e4nde Mario Behrends und Dr. Friedrich Ley Zeit nehmen, um die Mitarbeitenden in den verschiedenen Arbeitsfeldern der Diakonie im Oldenburger Land kennen zu lernen. Beide sehen das&#8230;<\/p>\n","protected":false},"author":7,"featured_media":0,"comment_status":"false","ping_status":"open","sticky":false,"template":"","format":"standard","meta":{"footnotes":""},"categories":[43],"tags":[44],"class_list":["post-26119","post","type-post","status-publish","format-standard","hentry","category-kirche-oldenburg","tag-kirche-oldenburg"],"_links":{"self":[{"href":"https:\/\/christusnews.de\/site\/wp-json\/wp\/v2\/posts\/26119","targetHints":{"allow":["GET"]}}],"collection":[{"href":"https:\/\/christusnews.de\/site\/wp-json\/wp\/v2\/posts"}],"about":[{"href":"https:\/\/christusnews.de\/site\/wp-json\/wp\/v2\/types\/post"}],"author":[{"embeddable":true,"href":"https:\/\/christusnews.de\/site\/wp-json\/wp\/v2\/users\/7"}],"replies":[{"embeddable":true,"href":"https:\/\/christusnews.de\/site\/wp-json\/wp\/v2\/comments?post=26119"}],"version-history":[{"count":1,"href":"https:\/\/christusnews.de\/site\/wp-json\/wp\/v2\/posts\/26119\/revisions"}],"predecessor-version":[{"id":26120,"href":"https:\/\/christusnews.de\/site\/wp-json\/wp\/v2\/posts\/26119\/revisions\/26120"}],"wp:attachment":[{"href":"https:\/\/christusnews.de\/site\/wp-json\/wp\/v2\/media?parent=26119"}],"wp:term":[{"taxonomy":"category","embeddable":true,"href":"https:\/\/christusnews.de\/site\/wp-json\/wp\/v2\/categories?post=26119"},{"taxonomy":"post_tag","embeddable":true,"href":"https:\/\/christusnews.de\/site\/wp-json\/wp\/v2\/tags?post=26119"}],"curies":[{"name":"wp","href":"https:\/\/api.w.org\/{rel}","templated":true}]}}