{"id":26130,"date":"2024-01-12T09:41:31","date_gmt":"2024-01-12T08:41:31","guid":{"rendered":"https:\/\/christusnews.de\/site\/?p=26130"},"modified":"2024-01-04T09:42:03","modified_gmt":"2024-01-04T08:42:03","slug":"gast","status":"publish","type":"post","link":"https:\/\/christusnews.de\/site\/gast\/","title":{"rendered":"Gast"},"content":{"rendered":"\n<p>\u201eIch bin ein Gast auf Erden und hab hier keinen Stand; der Himmel soll mir werden, da ist mein Vaterland\u201c. Kennen Sie dieses Lied von Paul Gerhardt, das das Unterwegssein des Menschen auf seinem beschwerlichen Lebensweg und seine Sehnsucht nach der himmlischen Heimat bedenkt? Es lohnt sich, einmal in die 12 Strophen hineinzulesen. Der Liedermacher Gerhard Sch\u00f6ne hat das getan und seine eigene Version des Liedes gedichtet. Die ist um einiges k\u00fcrzer als das Original, regt aber auch zum Nachdenken \u00fcber das eigene Leben an. Die letzte Strophe lautet:<\/p>\n\n\n\n<p>\u201eIch bin ein Gast auf Erden. Ich wei\u00df, es muss so viel<\/p>\n\n\n\n<p>Bis morgen anders werden und ferne liegt das Ziel.<\/p>\n\n\n\n<p>Will&#8217;s mit in Ordnung bringen, will stillen manches Weh &#8211;<\/p>\n\n\n\n<p>mein sch\u00f6nstes Danklied singen, bevor ich von ihr geh.\u201c<\/p>\n\n\n\n<p>Das will ich auch tun am Wochenende: \u201eDanke\u201c-Singen, dass ich Erdengast sein darf!<\/p>\n\n\n\n<p><\/p>\n\n\n\n<blockquote class=\"wp-block-quote is-layout-flow wp-block-quote-is-layout-flow\">\n<p id=\"block-e1fb04d9-c3be-42c8-a2c8-f0fda48bf077\"><strong><strong>Natascha Faull \/ Pastorin im Stadtorden Wilhelmshavens<\/strong><\/strong><\/p>\n\n\n\n<p id=\"block-4856caf7-8571-49e2-9264-db73626b066a\">H<em>\u00f6ren Sie diesen Beitrag bei Radio Jade:<\/em><br><a href=\"http:\/\/www.radio-jade.de\/mediathek\/angedacht\/\" target=\"_blank\" rel=\"noreferrer noopener\"><em>Alle Beitr\u00e4ge im \u00dcberblick | RADIO JADE<\/em><\/a><\/p>\n<\/blockquote>\n","protected":false},"excerpt":{"rendered":"<p>\u201eIch bin ein Gast auf Erden und hab hier keinen Stand; der Himmel soll mir werden, da ist mein Vaterland\u201c. Kennen Sie dieses Lied von Paul Gerhardt, das das Unterwegssein des Menschen auf seinem beschwerlichen Lebensweg und seine Sehnsucht nach der himmlischen Heimat bedenkt? Es lohnt sich, einmal in die 12 Strophen hineinzulesen. Der Liedermacher Gerhard Sch\u00f6ne hat das getan und seine eigene Version des Liedes gedichtet. Die ist um einiges k\u00fcrzer als das Original, regt aber auch zum Nachdenken \u00fcber das eigene Leben an. Die letzte Strophe lautet: \u201eIch bin ein Gast auf Erden. Ich wei\u00df, es muss so&#8230;<\/p>\n","protected":false},"author":6,"featured_media":1171,"comment_status":"closed","ping_status":"open","sticky":false,"template":"","format":"standard","meta":{"footnotes":""},"categories":[5],"tags":[],"class_list":["post-26130","post","type-post","status-publish","format-standard","has-post-thumbnail","hentry","category-angedacht"],"_links":{"self":[{"href":"https:\/\/christusnews.de\/site\/wp-json\/wp\/v2\/posts\/26130","targetHints":{"allow":["GET"]}}],"collection":[{"href":"https:\/\/christusnews.de\/site\/wp-json\/wp\/v2\/posts"}],"about":[{"href":"https:\/\/christusnews.de\/site\/wp-json\/wp\/v2\/types\/post"}],"author":[{"embeddable":true,"href":"https:\/\/christusnews.de\/site\/wp-json\/wp\/v2\/users\/6"}],"replies":[{"embeddable":true,"href":"https:\/\/christusnews.de\/site\/wp-json\/wp\/v2\/comments?post=26130"}],"version-history":[{"count":1,"href":"https:\/\/christusnews.de\/site\/wp-json\/wp\/v2\/posts\/26130\/revisions"}],"predecessor-version":[{"id":26131,"href":"https:\/\/christusnews.de\/site\/wp-json\/wp\/v2\/posts\/26130\/revisions\/26131"}],"wp:featuredmedia":[{"embeddable":true,"href":"https:\/\/christusnews.de\/site\/wp-json\/wp\/v2\/media\/1171"}],"wp:attachment":[{"href":"https:\/\/christusnews.de\/site\/wp-json\/wp\/v2\/media?parent=26130"}],"wp:term":[{"taxonomy":"category","embeddable":true,"href":"https:\/\/christusnews.de\/site\/wp-json\/wp\/v2\/categories?post=26130"},{"taxonomy":"post_tag","embeddable":true,"href":"https:\/\/christusnews.de\/site\/wp-json\/wp\/v2\/tags?post=26130"}],"curies":[{"name":"wp","href":"https:\/\/api.w.org\/{rel}","templated":true}]}}