{"id":26134,"date":"2024-01-03T09:37:00","date_gmt":"2024-01-03T08:37:00","guid":{"rendered":"https:\/\/christusnews.de\/site\/diakonie-vorstand-haltung-zu-sozialen-berufen-muss-sich-verbessern\/"},"modified":"2024-01-04T10:17:53","modified_gmt":"2024-01-04T09:17:53","slug":"diakonie-vorstand-haltung-zu-sozialen-berufen-muss-sich-verbessern","status":"publish","type":"post","link":"https:\/\/christusnews.de\/site\/diakonie-vorstand-haltung-zu-sozialen-berufen-muss-sich-verbessern\/","title":{"rendered":"Diakonie-Vorstand: Haltung zu sozialen Berufen muss sich verbessern"},"content":{"rendered":"<p>Oldenburg (epd). Die gesellschaftliche Haltung zu den sozialen Berufen muss sich aus Sicht des neuen Oldenburger Diakonie-Vorstandes Mario Behrends verbessern. Daf\u00fcr wolle sich die Diakonie im Oldenburger Land einsetzen, erkl\u00e4rte Behrends am Mittwoch. Der 49-j\u00e4hrige Wirtschaftsexperte bildet zusammen mit Pfarrer Friedrich Ley (51) die neue Spitze des Verbandes.<\/p>\n<p>\nAls kaufm\u00e4nnischer und theologischer Vorstand hat das Duo Uwe Kollmann und Thomas Feld abgel\u00f6st, die in den Ruhestand gegangen sind. Friedrich Ley war zuvor als Oberkirchenrat in der Personalabteilung des hannoverschen Landeskirchenamtes t\u00e4tig. Mario Behrends kam vom kirchlichen Wichernstift in Ganderkesee nach Oldenburg.<\/p>\n<p>\nDas Diakonische Werk Oldenburg ist mit seinen gemeinn\u00fctzigen Gesellschaften in der Altenhilfe, der F\u00f6rderung und Therapie, der Jugendhilfe, der Suchtkranken- und Gef\u00e4hrdetenhilfe sowie in der Kirchenkreissozialarbeit und der Wohnungslosenhilfe t\u00e4tig. Dazu z\u00e4hlen bei einem Jahresumsatz von rund 100 Millionen Euro eigenen Angaben zufolge etwa 1.500 Besch\u00e4ftigte.<\/p>\n<p>Kirche-Oldenburg<br \/>\n<a href=\"https:\/\/www.kirche-oldenburg.de\/\/aktuell\/news-niedersachsen\/artikel\/diakonie-vorstand-haltung-zu-sozialen-berufen-muss-sich-verbessern\" target=\"_blank\" rel=\"noopener\">Diakonie-Vorstand: Haltung zu sozialen Berufen muss sich verbessern<\/a><\/p>\n","protected":false},"excerpt":{"rendered":"<p>Oldenburg (epd). Die gesellschaftliche Haltung zu den sozialen Berufen muss sich aus Sicht des neuen Oldenburger Diakonie-Vorstandes Mario Behrends verbessern. Daf\u00fcr wolle sich die Diakonie im Oldenburger Land einsetzen, erkl\u00e4rte Behrends am Mittwoch. Der 49-j\u00e4hrige Wirtschaftsexperte bildet zusammen mit Pfarrer Friedrich Ley (51) die neue Spitze des Verbandes. Als kaufm\u00e4nnischer und theologischer Vorstand hat das Duo Uwe Kollmann und Thomas Feld abgel\u00f6st, die in den Ruhestand gegangen sind. Friedrich Ley war zuvor als Oberkirchenrat in der Personalabteilung des hannoverschen Landeskirchenamtes t\u00e4tig. Mario Behrends kam vom kirchlichen Wichernstift in Ganderkesee nach Oldenburg. Das Diakonische Werk Oldenburg ist mit seinen gemeinn\u00fctzigen Gesellschaften&#8230;<\/p>\n","protected":false},"author":7,"featured_media":0,"comment_status":"false","ping_status":"open","sticky":false,"template":"","format":"standard","meta":{"footnotes":""},"categories":[43],"tags":[44],"class_list":["post-26134","post","type-post","status-publish","format-standard","hentry","category-kirche-oldenburg","tag-kirche-oldenburg"],"_links":{"self":[{"href":"https:\/\/christusnews.de\/site\/wp-json\/wp\/v2\/posts\/26134","targetHints":{"allow":["GET"]}}],"collection":[{"href":"https:\/\/christusnews.de\/site\/wp-json\/wp\/v2\/posts"}],"about":[{"href":"https:\/\/christusnews.de\/site\/wp-json\/wp\/v2\/types\/post"}],"author":[{"embeddable":true,"href":"https:\/\/christusnews.de\/site\/wp-json\/wp\/v2\/users\/7"}],"replies":[{"embeddable":true,"href":"https:\/\/christusnews.de\/site\/wp-json\/wp\/v2\/comments?post=26134"}],"version-history":[{"count":1,"href":"https:\/\/christusnews.de\/site\/wp-json\/wp\/v2\/posts\/26134\/revisions"}],"predecessor-version":[{"id":26135,"href":"https:\/\/christusnews.de\/site\/wp-json\/wp\/v2\/posts\/26134\/revisions\/26135"}],"wp:attachment":[{"href":"https:\/\/christusnews.de\/site\/wp-json\/wp\/v2\/media?parent=26134"}],"wp:term":[{"taxonomy":"category","embeddable":true,"href":"https:\/\/christusnews.de\/site\/wp-json\/wp\/v2\/categories?post=26134"},{"taxonomy":"post_tag","embeddable":true,"href":"https:\/\/christusnews.de\/site\/wp-json\/wp\/v2\/tags?post=26134"}],"curies":[{"name":"wp","href":"https:\/\/api.w.org\/{rel}","templated":true}]}}