{"id":26166,"date":"2024-01-07T12:32:00","date_gmt":"2024-01-07T11:32:00","guid":{"rendered":"https:\/\/christusnews.de\/site\/agrarexperte-bauernproteste-fussen-nicht-auf-wirtschaftlicher-not\/"},"modified":"2024-01-08T22:17:29","modified_gmt":"2024-01-08T21:17:29","slug":"agrarexperte-bauernproteste-fussen-nicht-auf-wirtschaftlicher-not","status":"publish","type":"post","link":"https:\/\/christusnews.de\/site\/agrarexperte-bauernproteste-fussen-nicht-auf-wirtschaftlicher-not\/","title":{"rendered":"Agrarexperte: Bauernproteste fu\u00dfen nicht auf wirtschaftlicher Not"},"content":{"rendered":"<p class=\"MsoPlainText\">G\u00f6ttingen (epd). Die Bauernproteste sind nach Auffassung des Agrarexperten Wolfgang Reimer nachvollziehbar. Die geplanten K\u00fcrzungen bei der Agrardieselsubvention tr\u00e4fen die Landwirtschaft im Vergleich zu anderen Wirtschaftszweigen \u00fcberproportional, sagte der Agraringenieur dem Evangelischen Pressedienst (epd). \u00abNicht die wirtschaftliche Not treibt die Bauern auf die Stra\u00dfe, sondern das Empfinden, dass es ungerecht ist, wenn bei einer Branche richtig zugepackt wird und die anderen wieder verschont werden\u00bb, betonte Reimer, der Vorsitzender der Agrarsozialen Gesellschaft in G\u00f6ttingen ist.<\/p>\n<p class=\"MsoPlainText\">&nbsp;<\/p>\n<p class=\"MsoPlainText\">Damit werde der Grundgedanke des Umweltbundesamtes, alle umweltsch\u00e4dlichen Subventionen langsam abzubauen, konterkariert, kritisierte Reimer, der zwischen 2016 und 2021 Stuttgarter Regierungspr\u00e4sident war. Allerdings sei das Argument der Landwirte verk\u00fcrzt, die durch die Pl\u00e4ne ihre Wettbewerbsf\u00e4higkeit auf dem europ\u00e4ischen Markt bedroht sehen. \u00abDabei m\u00fcssen alle Faktoren ber\u00fccksichtigt werden, also auch die hohe Investitionsf\u00f6rderung in Deutschland und die sogenannte Bauernmilliarde, mit der in den letzten Jahren der Kauf von landwirtschaftlichen Ger\u00e4ten unterst\u00fctzt wurde.\u00bb<\/p>\n<p class=\"MsoPlainText\">&nbsp;<\/p>\n<p class=\"MsoPlainText\">Hintergrund der Proteste sei vor allem ein Kampf um Anerkennung, betonte Reimer. Landwirte h\u00e4tten h\u00e4ufig das Gef\u00fchl, von den St\u00e4dtern, die eigentlich keine Ahnung haben, Vorschriften zur Tierhaltung oder zum D\u00fcngen zu bekommen. \u00abDa sind ganz viele kulturelle Konflikte, die im Hintergrund mitschwingen.\u00bb Als L\u00f6sung schlage er anstelle der gesamten Streichung der Agrardieselsubvention im Jahr 2026 die Einf\u00fchrung einer Kappungsgrenze vor. So k\u00f6nnten alle Betriebe eine bestimmte Zuschussh\u00f6he, beispielsweise bis zu 10.000 Euro, bekommen.<\/p>\n<p class=\"MsoPlainText\">&nbsp;<\/p>\n<p class=\"MsoPlainText\">Die Agrarsoziale Gesellschaft wurde 1947 mit dem Ziel gegr\u00fcndet, sich f\u00fcr die Verbesserung der Lebensverh\u00e4ltnisse in l\u00e4ndlichen R\u00e4umen und in der Landwirtschaft einzusetzen. In ihrer Arbeit verkn\u00fcpft sie bundesweit unter anderem wissenschaftliche Forschung, Gutachtert\u00e4tigkeit und Weiterbildung und versteht sich als Meinungs- und Diskussionsforum.<\/p>\n<p>Kirche-Oldenburg<br \/>\n<a href=\"https:\/\/www.kirche-oldenburg.de\/\/aktuell\/news-niedersachsen\/artikel\/agrarexperte-bauernproteste-fussen-nicht-auf-wirtschaftlicher-not\" target=\"_blank\" rel=\"noopener\">Agrarexperte: Bauernproteste fu\u00dfen nicht auf wirtschaftlicher Not<\/a><\/p>\n","protected":false},"excerpt":{"rendered":"<p>G\u00f6ttingen (epd). Die Bauernproteste sind nach Auffassung des Agrarexperten Wolfgang Reimer nachvollziehbar. Die geplanten K\u00fcrzungen bei der Agrardieselsubvention tr\u00e4fen die Landwirtschaft im Vergleich zu anderen Wirtschaftszweigen \u00fcberproportional, sagte der Agraringenieur dem Evangelischen Pressedienst (epd). \u00abNicht die wirtschaftliche Not treibt die Bauern auf die Stra\u00dfe, sondern das Empfinden, dass es ungerecht ist, wenn bei einer Branche richtig zugepackt wird und die anderen wieder verschont werden\u00bb, betonte Reimer, der Vorsitzender der Agrarsozialen Gesellschaft in G\u00f6ttingen ist. &nbsp; Damit werde der Grundgedanke des Umweltbundesamtes, alle umweltsch\u00e4dlichen Subventionen langsam abzubauen, konterkariert, kritisierte Reimer, der zwischen 2016 und 2021 Stuttgarter Regierungspr\u00e4sident war. Allerdings sei das&#8230;<\/p>\n","protected":false},"author":7,"featured_media":0,"comment_status":"false","ping_status":"open","sticky":false,"template":"","format":"standard","meta":{"footnotes":""},"categories":[43],"tags":[44],"class_list":["post-26166","post","type-post","status-publish","format-standard","hentry","category-kirche-oldenburg","tag-kirche-oldenburg"],"_links":{"self":[{"href":"https:\/\/christusnews.de\/site\/wp-json\/wp\/v2\/posts\/26166","targetHints":{"allow":["GET"]}}],"collection":[{"href":"https:\/\/christusnews.de\/site\/wp-json\/wp\/v2\/posts"}],"about":[{"href":"https:\/\/christusnews.de\/site\/wp-json\/wp\/v2\/types\/post"}],"author":[{"embeddable":true,"href":"https:\/\/christusnews.de\/site\/wp-json\/wp\/v2\/users\/7"}],"replies":[{"embeddable":true,"href":"https:\/\/christusnews.de\/site\/wp-json\/wp\/v2\/comments?post=26166"}],"version-history":[{"count":1,"href":"https:\/\/christusnews.de\/site\/wp-json\/wp\/v2\/posts\/26166\/revisions"}],"predecessor-version":[{"id":26167,"href":"https:\/\/christusnews.de\/site\/wp-json\/wp\/v2\/posts\/26166\/revisions\/26167"}],"wp:attachment":[{"href":"https:\/\/christusnews.de\/site\/wp-json\/wp\/v2\/media?parent=26166"}],"wp:term":[{"taxonomy":"category","embeddable":true,"href":"https:\/\/christusnews.de\/site\/wp-json\/wp\/v2\/categories?post=26166"},{"taxonomy":"post_tag","embeddable":true,"href":"https:\/\/christusnews.de\/site\/wp-json\/wp\/v2\/tags?post=26166"}],"curies":[{"name":"wp","href":"https:\/\/api.w.org\/{rel}","templated":true}]}}