{"id":26170,"date":"2024-01-06T12:29:00","date_gmt":"2024-01-06T11:29:00","guid":{"rendered":"https:\/\/christusnews.de\/site\/ekd-ratsvorsitzende-missbrauchsstudie-soll-risikofaktoren-zeigen\/"},"modified":"2024-01-08T22:17:30","modified_gmt":"2024-01-08T21:17:30","slug":"ekd-ratsvorsitzende-missbrauchsstudie-soll-risikofaktoren-zeigen","status":"publish","type":"post","link":"https:\/\/christusnews.de\/site\/ekd-ratsvorsitzende-missbrauchsstudie-soll-risikofaktoren-zeigen\/","title":{"rendered":"EKD-Ratsvorsitzende: Missbrauchsstudie soll Risikofaktoren zeigen"},"content":{"rendered":"<p class=\"MsoPlainText\">Bremen (epd). Die amtierende Ratsvorsitzende der Evangelischen Kirche in Deutschland (EKD), Kirsten Fehrs, erhofft sich von der Studie \u00fcber Missbrauch in der evangelischen Kirche Erkenntnisse zu den Risikofaktoren f\u00fcr sexualisierte Gewalt in allen Bereichen des kirchlichen Lebens. \u00abVon der Diakonie \u00fcber die Gemeindearbeit, von der Kirchenmusk bis zum Leben im Pfarrhaus und der Verkn\u00fcpfung von famili\u00e4rer sexualisierter Gewalt mit der Gemeindearbeit\u00bb, sagte Fehrs dem Bremer \u00abWeser-Kurier\u00bb (Samstag).<\/p>\n<p class=\"MsoPlainText\">&nbsp;<\/p>\n<p class=\"MsoPlainText\">Die von der EKD in Auftrag gegebene sogenannte ForuM-Studie soll Ende Januar ver\u00f6ffentlicht werden. Sie rechne mit einer Zunahme der bekannten F\u00e4lle sexualisierter Gewalt in der Kirche, sagte Fehrs. \u00abWir haben derzeit 858 F\u00e4lle, in denen Betroffene Anerkennungsleistungen beantragt haben.\u00bb Daneben gebe es ein gro\u00dfes Dunkelfeld &#8211; \u00abund auch ein Hellfeld, denn nicht jeder Betroffene, von dem wir wissen, hat Leistungen beantragt\u00bb.<\/p>\n<p class=\"MsoPlainText\">&nbsp;<\/p>\n<p class=\"MsoPlainText\">In der quantitativen Studie, die auch die Diakonie einschlie\u00dfe, werde es bestimmt eine h\u00f6here Zahl geben. \u00abAber auch die wird nicht alle F\u00e4lle erfassen\u00bb, sagte Fehrs und f\u00fchrte aus: \u00abWir brauchen deshalb unbedingt eine bessere Dunkelfeldforschung in Deutschland, die von der Unabh\u00e4ngigen Beauftragten f\u00fcr Fragen des sexuellen Kindesmissbrauchs hoffentlich auch demn\u00e4chst auf den Weg gebracht wird.\u00bb<\/p>\n<p class=\"MsoPlainText\">&nbsp;<\/p>\n<p class=\"MsoPlainText\">Ein staatliches Aufarbeitungsgesetz, das allen Betroffenen einen Rechtsanspruch auf Aufarbeitung ihrer F\u00e4lle geben w\u00fcrde, sei sehr wichtig, erg\u00e4nzte Fehrs. \u00abUnabh\u00e4ngig, ob sie in den Kirchen, im Sport, in den Schulen oder Familien stattfanden.\u00bb So ein Gesetz w\u00fcrde Standards schaffen, \u00abdie dann f\u00fcr alle gelten\u00bb.<\/p>\n<p>Kirche-Oldenburg<br \/>\n<a href=\"https:\/\/www.kirche-oldenburg.de\/\/aktuell\/news-niedersachsen\/artikel\/ekd-ratsvorsitzende-missbrauchsstudie-soll-risikofaktoren-zeigen\" target=\"_blank\" rel=\"noopener\">EKD-Ratsvorsitzende: Missbrauchsstudie soll Risikofaktoren zeigen<\/a><\/p>\n","protected":false},"excerpt":{"rendered":"<p>Bremen (epd). Die amtierende Ratsvorsitzende der Evangelischen Kirche in Deutschland (EKD), Kirsten Fehrs, erhofft sich von der Studie \u00fcber Missbrauch in der evangelischen Kirche Erkenntnisse zu den Risikofaktoren f\u00fcr sexualisierte Gewalt in allen Bereichen des kirchlichen Lebens. \u00abVon der Diakonie \u00fcber die Gemeindearbeit, von der Kirchenmusk bis zum Leben im Pfarrhaus und der Verkn\u00fcpfung von famili\u00e4rer sexualisierter Gewalt mit der Gemeindearbeit\u00bb, sagte Fehrs dem Bremer \u00abWeser-Kurier\u00bb (Samstag). &nbsp; Die von der EKD in Auftrag gegebene sogenannte ForuM-Studie soll Ende Januar ver\u00f6ffentlicht werden. Sie rechne mit einer Zunahme der bekannten F\u00e4lle sexualisierter Gewalt in der Kirche, sagte Fehrs. \u00abWir haben derzeit&#8230;<\/p>\n","protected":false},"author":7,"featured_media":0,"comment_status":"false","ping_status":"open","sticky":false,"template":"","format":"standard","meta":{"footnotes":""},"categories":[43],"tags":[44],"class_list":["post-26170","post","type-post","status-publish","format-standard","hentry","category-kirche-oldenburg","tag-kirche-oldenburg"],"_links":{"self":[{"href":"https:\/\/christusnews.de\/site\/wp-json\/wp\/v2\/posts\/26170","targetHints":{"allow":["GET"]}}],"collection":[{"href":"https:\/\/christusnews.de\/site\/wp-json\/wp\/v2\/posts"}],"about":[{"href":"https:\/\/christusnews.de\/site\/wp-json\/wp\/v2\/types\/post"}],"author":[{"embeddable":true,"href":"https:\/\/christusnews.de\/site\/wp-json\/wp\/v2\/users\/7"}],"replies":[{"embeddable":true,"href":"https:\/\/christusnews.de\/site\/wp-json\/wp\/v2\/comments?post=26170"}],"version-history":[{"count":1,"href":"https:\/\/christusnews.de\/site\/wp-json\/wp\/v2\/posts\/26170\/revisions"}],"predecessor-version":[{"id":26171,"href":"https:\/\/christusnews.de\/site\/wp-json\/wp\/v2\/posts\/26170\/revisions\/26171"}],"wp:attachment":[{"href":"https:\/\/christusnews.de\/site\/wp-json\/wp\/v2\/media?parent=26170"}],"wp:term":[{"taxonomy":"category","embeddable":true,"href":"https:\/\/christusnews.de\/site\/wp-json\/wp\/v2\/categories?post=26170"},{"taxonomy":"post_tag","embeddable":true,"href":"https:\/\/christusnews.de\/site\/wp-json\/wp\/v2\/tags?post=26170"}],"curies":[{"name":"wp","href":"https:\/\/api.w.org\/{rel}","templated":true}]}}