{"id":26174,"date":"2024-01-09T03:04:52","date_gmt":"2024-01-09T02:04:52","guid":{"rendered":"https:\/\/christusnews.de\/site\/mit-profunder-kenntnis-mit-viel-herzblut-sowie-beeindruckendem-engagement\/"},"modified":"2024-01-09T10:19:25","modified_gmt":"2024-01-09T09:19:25","slug":"mit-profunder-kenntnis-mit-viel-herzblut-sowie-beeindruckendem-engagement","status":"publish","type":"post","link":"https:\/\/christusnews.de\/site\/mit-profunder-kenntnis-mit-viel-herzblut-sowie-beeindruckendem-engagement\/","title":{"rendered":"\u201eMit profunder Kenntnis, mit viel Herzblut sowie beeindruckendem Engagement\u201c"},"content":{"rendered":"<p>Die Pr\u00e4sidentin der Synode der Ev.-Luth. Kirche in Oldenburg, Sabine Bl\u00fctchen, feiert am 9. Januar ihren 70. Geburtstag. Sie ist seit 1996 Mitglied des Kirchenparlaments und \u201egestaltet damit das Leben der Ev.-Luth. Kirche in Oldenburg auf der gesamtkirchlichen Ebene seit 28 Jahren mit. Seit 2008 ist sie zudem Pr\u00e4sidentin der Synode\u201c, hob Bischof Thomas Adomeit in seiner Gratulation hervor. \u201eSie f\u00fcllt dieses anspruchsvolle Ehrenamt mit profunder Kenntnis der oldenburgischen Kirche und mit viel Herzblut sowie beeindruckendem Engagement aus.\u201c<\/p>\n<p>In ihrer Position als Pr\u00e4sidentin des obersten Organs wirke Sabine Bl\u00fctchen \u201ein die Kirche hinein und auch \u00fcber sie hinaus\u201c, sagte Adomeit. 2009 wurde sie Mitglied der Synode der Evangelischen Kirche in Deutschland (EKD) und arbeitete dort im Beirat des EKD-Zentrums Qualit\u00e4tsentwicklung im Gottesdienst mit. In der 12. Synode der EKD geh\u00f6rte die Juristin dem Pr\u00e4sidium an und verstand sich dort als \u201eVertreterin der kleineren EKD-Gliedkirchen\u201c.&nbsp;<\/p>\n<p>\u201eF\u00fcr die Ev.-Luth. Kirche in Oldenburg sorgt sie in ihrer kompetenten Art und souver\u00e4nen Weise daf\u00fcr, dass wichtige Weichenstellungen gut vorbereitet und unter Abw\u00e4gen aller Argumente vorgenommen werden k\u00f6nnen\u201c, so Adomeit weiter. \u201eSabine Bl\u00fctchen ermutigt Ehrenamtliche und Hauptamtliche zur gemeinsamen Leitung der Kirche. Sie ist darin eine verl\u00e4ssliche Partnerin f\u00fcr den Oberkirchenrat und den Bischof.\u201c Er freue sich auf die weitere Zusammenarbeit. Zugleich dankte Bischof Adomeit im Namen der Ev.-Luth. Kirche in Oldenburg sehr \u201ef\u00fcr die langj\u00e4hrige und treue Wegbegleitung, f\u00fcr ihren Einsatz von Kraft und Zeit.\u201c Denn f\u00fcr die Belange \u201eihrer Kirche\u201c sei Sabine Bl\u00fctchen \u201eimmer ansprechbar\u201c.<br \/>\n&nbsp; &nbsp; &nbsp; &nbsp; &nbsp; &nbsp; &nbsp; &nbsp; &nbsp; &nbsp; &nbsp; &nbsp; &nbsp; &nbsp; &nbsp; &nbsp; &nbsp; &nbsp; &nbsp; &nbsp; &nbsp; &nbsp; &nbsp; &nbsp; &nbsp; &nbsp; &nbsp; &nbsp; &nbsp; &nbsp; &nbsp; &nbsp; &nbsp; &nbsp; &nbsp; &nbsp; &nbsp; &nbsp; &nbsp; &nbsp; &nbsp; &nbsp; &nbsp; &nbsp; &nbsp; &nbsp; &nbsp; &nbsp; &nbsp; &nbsp;&nbsp;<\/p>\n<p>Kirche-Oldenburg<br \/>\n<a href=\"https:\/\/www.kirche-oldenburg.de\/\/aktuell\/pressemitteilungen\/artikel\/mit-profunder-kenntnis-mit-viel-herzblut-sowie-beeindruckendem-engagement\" target=\"_blank\" rel=\"noopener\">\u201eMit profunder Kenntnis, mit viel Herzblut sowie beeindruckendem Engagement\u201c<\/a><\/p>\n","protected":false},"excerpt":{"rendered":"<p>Die Pr\u00e4sidentin der Synode der Ev.-Luth. Kirche in Oldenburg, Sabine Bl\u00fctchen, feiert am 9. Januar ihren 70. Geburtstag. Sie ist seit 1996 Mitglied des Kirchenparlaments und \u201egestaltet damit das Leben der Ev.-Luth. Kirche in Oldenburg auf der gesamtkirchlichen Ebene seit 28 Jahren mit. Seit 2008 ist sie zudem Pr\u00e4sidentin der Synode\u201c, hob Bischof Thomas Adomeit in seiner Gratulation hervor. \u201eSie f\u00fcllt dieses anspruchsvolle Ehrenamt mit profunder Kenntnis der oldenburgischen Kirche und mit viel Herzblut sowie beeindruckendem Engagement aus.\u201c In ihrer Position als Pr\u00e4sidentin des obersten Organs wirke Sabine Bl\u00fctchen \u201ein die Kirche hinein und auch \u00fcber sie hinaus\u201c, sagte Adomeit&#8230;.<\/p>\n","protected":false},"author":7,"featured_media":0,"comment_status":"false","ping_status":"open","sticky":false,"template":"","format":"standard","meta":{"footnotes":""},"categories":[43],"tags":[44],"class_list":["post-26174","post","type-post","status-publish","format-standard","hentry","category-kirche-oldenburg","tag-kirche-oldenburg"],"_links":{"self":[{"href":"https:\/\/christusnews.de\/site\/wp-json\/wp\/v2\/posts\/26174","targetHints":{"allow":["GET"]}}],"collection":[{"href":"https:\/\/christusnews.de\/site\/wp-json\/wp\/v2\/posts"}],"about":[{"href":"https:\/\/christusnews.de\/site\/wp-json\/wp\/v2\/types\/post"}],"author":[{"embeddable":true,"href":"https:\/\/christusnews.de\/site\/wp-json\/wp\/v2\/users\/7"}],"replies":[{"embeddable":true,"href":"https:\/\/christusnews.de\/site\/wp-json\/wp\/v2\/comments?post=26174"}],"version-history":[{"count":1,"href":"https:\/\/christusnews.de\/site\/wp-json\/wp\/v2\/posts\/26174\/revisions"}],"predecessor-version":[{"id":26175,"href":"https:\/\/christusnews.de\/site\/wp-json\/wp\/v2\/posts\/26174\/revisions\/26175"}],"wp:attachment":[{"href":"https:\/\/christusnews.de\/site\/wp-json\/wp\/v2\/media?parent=26174"}],"wp:term":[{"taxonomy":"category","embeddable":true,"href":"https:\/\/christusnews.de\/site\/wp-json\/wp\/v2\/categories?post=26174"},{"taxonomy":"post_tag","embeddable":true,"href":"https:\/\/christusnews.de\/site\/wp-json\/wp\/v2\/tags?post=26174"}],"curies":[{"name":"wp","href":"https:\/\/api.w.org\/{rel}","templated":true}]}}