{"id":26176,"date":"2024-01-08T08:20:00","date_gmt":"2024-01-08T07:20:00","guid":{"rendered":"https:\/\/christusnews.de\/site\/leitender-theologe-kuschnerus-verteidigt-kirchensteuer\/"},"modified":"2024-01-09T10:19:26","modified_gmt":"2024-01-09T09:19:26","slug":"leitender-theologe-kuschnerus-verteidigt-kirchensteuer","status":"publish","type":"post","link":"https:\/\/christusnews.de\/site\/leitender-theologe-kuschnerus-verteidigt-kirchensteuer\/","title":{"rendered":"Leitender Theologe Kuschnerus verteidigt Kirchensteuer"},"content":{"rendered":"<p class=\"MsoPlainText\">Bremen (epd). Der leitende Theologe der Bremischen Evangelischen Kirche, Pastor Bernd Kuschnerus, sieht das deutsche Modell der Kirchensteuer als solidarisches Konzept der Finanzierung, das die Demokratie st\u00e4rkt. \u00abGeben, damit andere etwas davon haben &#8211; das ist der Grundsatz kirchlicher Arbeit, ganz nach dem biblischen Wort &#8216;einer trage des anderen Last&#8217;\u00bb, sagte Kuschnerus dem Evangelischen Pressedienst (epd) und warnte: \u00abDas ist eine gro\u00dfartige kulturelle Leistung, die gef\u00e4hrdet w\u00e4re, wenn das Geld wegbricht.\u00bb<\/p>\n<p class=\"MsoPlainText\">&nbsp;<\/p>\n<p class=\"MsoPlainText\">\u00abViele gemeinwesenorientierte Projekte in den Stadtteilen und den Quartieren, besonders da, wo \u00e4rmere Menschen wohnen, h\u00e4ngen von einer verl\u00e4sslichen Finanzierung durch die Kirchensteuer ab\u00bb, verdeutlichte der Schriftf\u00fchrer der bremischen Kirche. Dabei gehe es um konkrete Hilfen, angefangen beim warmen Essen bis hin zu Begegnungen mit Herzensw\u00e4rme. \u00abDas st\u00e4rkt die Menschen, das Gemeinwesen &#8211; und letztlich unsere Demokratie.\u00bb<\/p>\n<p class=\"MsoPlainText\">&nbsp;<\/p>\n<p class=\"MsoPlainText\">Wer der evangelischen oder der katholischen Kirche angeh\u00f6rt und auf seine Eink\u00fcnfte Steuern zahlt, muss in Deutschland nach dem derzeit geltendem Recht auch Kirchensteuer bezahlen. Sie wird von den Finanz\u00e4mtern eingezogen, die f\u00fcr den Verwaltungsaufwand je nach Bundesland zwischen zwei und vier Prozent der Einnahmen erhalten. Kuschnerus sagte, wenn es die Steuer in der jetzt bekannten Form nicht mehr geben w\u00fcrde, h\u00e4tte die Kirche sehr viel weniger Personal und sehr viel weniger Gemeinden.<\/p>\n<p class=\"MsoPlainText\">&nbsp;<\/p>\n<p class=\"MsoPlainText\">\u00abSie k\u00f6nnte ihre gesellschaftlichen und diakonischen Aufgaben nicht mehr wie bisher wahrnehmen. Und sie h\u00e4tte Schwierigkeiten, das jetzt funktionierende Solidarit\u00e4tsprinzip zwischen reicheren und \u00e4rmeren Gemeinden durchzuhalten\u00bb, erg\u00e4nzte der leitende Theologe. Eine von der \u00f6ffentlichen Hand erhobene Kultursteuer wie etwa in Italien sieht er nicht als Alternative. \u00abDas w\u00e4re eine Staatsleistung. Ich sehe nicht, dass eine solche Kultursteuer in Deutschland eine realistische Chance h\u00e4tte. Wir haben hier eher die Tendenz, Staat und Kirche noch weiter voneinander zu trennen.\u00bb<\/p>\n<p class=\"MsoPlainText\">&nbsp;<\/p>\n<p class=\"MsoPlainText\">Bei einer Mandats- oder Kultursteuer wie in Italien oder Spanien m\u00fcssen alle B\u00fcrger eine Steuer zahlen, k\u00f6nnen sich aber aussuchen, ob ihr Geld an eine Religionsgemeinschaft oder eine soziale Organisation flie\u00dft. Kuschnerus prognostizierte, mit einer solchen Kultursteuer w\u00fcrden die kirchlichen Steuereinnahmen einbrechen &#8211; mit direkten Folgen f\u00fcr die Angebote von Gemeinden, Werken und Einrichtungen: \u00abIn der Bremischen Evangelischen Kirche zum Beispiel haben wir derzeit ein Kirchensteuer-Volumen von 60 Millionen Euro im Haushalt, dann w\u00e4ren es vielleicht noch 6 Millionen Euro.\u00bb<\/p>\n<p>Kirche-Oldenburg<br \/>\n<a href=\"https:\/\/www.kirche-oldenburg.de\/\/aktuell\/news-niedersachsen\/artikel\/leitender-theologe-kuschnerus-verteidigt-kirchensteuer\" target=\"_blank\" rel=\"noopener\">Leitender Theologe Kuschnerus verteidigt Kirchensteuer<\/a><\/p>\n","protected":false},"excerpt":{"rendered":"<p>Bremen (epd). Der leitende Theologe der Bremischen Evangelischen Kirche, Pastor Bernd Kuschnerus, sieht das deutsche Modell der Kirchensteuer als solidarisches Konzept der Finanzierung, das die Demokratie st\u00e4rkt. \u00abGeben, damit andere etwas davon haben &#8211; das ist der Grundsatz kirchlicher Arbeit, ganz nach dem biblischen Wort &#8216;einer trage des anderen Last&#8217;\u00bb, sagte Kuschnerus dem Evangelischen Pressedienst (epd) und warnte: \u00abDas ist eine gro\u00dfartige kulturelle Leistung, die gef\u00e4hrdet w\u00e4re, wenn das Geld wegbricht.\u00bb &nbsp; \u00abViele gemeinwesenorientierte Projekte in den Stadtteilen und den Quartieren, besonders da, wo \u00e4rmere Menschen wohnen, h\u00e4ngen von einer verl\u00e4sslichen Finanzierung durch die Kirchensteuer ab\u00bb, verdeutlichte der Schriftf\u00fchrer der&#8230;<\/p>\n","protected":false},"author":7,"featured_media":0,"comment_status":"false","ping_status":"open","sticky":false,"template":"","format":"standard","meta":{"footnotes":""},"categories":[43],"tags":[44],"class_list":["post-26176","post","type-post","status-publish","format-standard","hentry","category-kirche-oldenburg","tag-kirche-oldenburg"],"_links":{"self":[{"href":"https:\/\/christusnews.de\/site\/wp-json\/wp\/v2\/posts\/26176","targetHints":{"allow":["GET"]}}],"collection":[{"href":"https:\/\/christusnews.de\/site\/wp-json\/wp\/v2\/posts"}],"about":[{"href":"https:\/\/christusnews.de\/site\/wp-json\/wp\/v2\/types\/post"}],"author":[{"embeddable":true,"href":"https:\/\/christusnews.de\/site\/wp-json\/wp\/v2\/users\/7"}],"replies":[{"embeddable":true,"href":"https:\/\/christusnews.de\/site\/wp-json\/wp\/v2\/comments?post=26176"}],"version-history":[{"count":1,"href":"https:\/\/christusnews.de\/site\/wp-json\/wp\/v2\/posts\/26176\/revisions"}],"predecessor-version":[{"id":26177,"href":"https:\/\/christusnews.de\/site\/wp-json\/wp\/v2\/posts\/26176\/revisions\/26177"}],"wp:attachment":[{"href":"https:\/\/christusnews.de\/site\/wp-json\/wp\/v2\/media?parent=26176"}],"wp:term":[{"taxonomy":"category","embeddable":true,"href":"https:\/\/christusnews.de\/site\/wp-json\/wp\/v2\/categories?post=26176"},{"taxonomy":"post_tag","embeddable":true,"href":"https:\/\/christusnews.de\/site\/wp-json\/wp\/v2\/tags?post=26176"}],"curies":[{"name":"wp","href":"https:\/\/api.w.org\/{rel}","templated":true}]}}