{"id":26180,"date":"2024-01-09T10:44:00","date_gmt":"2024-01-09T09:44:00","guid":{"rendered":"https:\/\/christusnews.de\/site\/frei-und-gleich-ausstellung-zu-den-menschenrechten\/"},"modified":"2024-01-09T22:18:23","modified_gmt":"2024-01-09T21:18:23","slug":"frei-und-gleich-ausstellung-zu-den-menschenrechten","status":"publish","type":"post","link":"https:\/\/christusnews.de\/site\/frei-und-gleich-ausstellung-zu-den-menschenrechten\/","title":{"rendered":"Frei und gleich \u2013 Ausstellung zu den Menschenrechten"},"content":{"rendered":"<p>Am Dienstag 9. Januar wird um 18 Uhr die Ausstellung \u201efrei und gleich\u201c zu den Menschenrechten in der Lambertikirche in Oldenburg er\u00f6ffnet. Die Ausstellung ist von der Evangelischen Kirche in Deutschland konzipiert worden. In Oldenburg wird sie erg\u00e4nzt durch ein Projekt der Universit\u00e4t Oldenburg. Studierende des Instituts f\u00fcr ev. Theologie haben in einem Seminar weitere Materialien erarbeitet und bieten vom 19. bis 26. Januar spezielle F\u00fchrungen f\u00fcr Schulklassen und Konfirmandengruppen an.<br \/>\n&nbsp; &nbsp; &nbsp;<br \/>\nBei der Er\u00f6ffnung am 9. Januar um 18 Uhr spricht Prof. Dr. Dr. Joachim Willems von der Uni Oldenburg und es spielt das Improvisationstheater \u201ewat ihr wollt\u201c sowie Gesa L\u00fcken am Klavier. Der Eintritt ist frei.<br \/>\n&nbsp; &nbsp;<br \/>\nDie Ausstellung ist ge\u00f6ffnet vom 9. bis 26. Januar:<br \/>\nMo. 11 bis 16 Uhr, Di &#8211; Sa 11 bis 18 Uhr. Der Eintritt ist frei<br \/>\n&nbsp; &nbsp;<br \/>\nWeitere Informationen finden Sie unter: <a href=\"https:\/\/www.kircheundmenschenrechte.de\">https:\/\/www.kircheundmenschenrechte.de<\/a>&nbsp;<\/p>\n<p>Kirche-Oldenburg<br \/>\n<a href=\"https:\/\/www.kirche-oldenburg.de\/\/aktuell\/aus-den-kirchenkreisen\/artikel\/frei-und-gleich-ausstellung-zu-den-menschenrechten\" target=\"_blank\" rel=\"noopener\">Frei und gleich \u2013 Ausstellung zu den Menschenrechten<\/a><\/p>\n","protected":false},"excerpt":{"rendered":"<p>Am Dienstag 9. Januar wird um 18 Uhr die Ausstellung \u201efrei und gleich\u201c zu den Menschenrechten in der Lambertikirche in Oldenburg er\u00f6ffnet. Die Ausstellung ist von der Evangelischen Kirche in Deutschland konzipiert worden. In Oldenburg wird sie erg\u00e4nzt durch ein Projekt der Universit\u00e4t Oldenburg. Studierende des Instituts f\u00fcr ev. Theologie haben in einem Seminar weitere Materialien erarbeitet und bieten vom 19. bis 26. Januar spezielle F\u00fchrungen f\u00fcr Schulklassen und Konfirmandengruppen an. &nbsp; &nbsp; &nbsp; Bei der Er\u00f6ffnung am 9. Januar um 18 Uhr spricht Prof. Dr. Dr. Joachim Willems von der Uni Oldenburg und es spielt das Improvisationstheater \u201ewat ihr&#8230;<\/p>\n","protected":false},"author":7,"featured_media":0,"comment_status":"false","ping_status":"open","sticky":false,"template":"","format":"standard","meta":{"footnotes":""},"categories":[43],"tags":[44],"class_list":["post-26180","post","type-post","status-publish","format-standard","hentry","category-kirche-oldenburg","tag-kirche-oldenburg"],"_links":{"self":[{"href":"https:\/\/christusnews.de\/site\/wp-json\/wp\/v2\/posts\/26180","targetHints":{"allow":["GET"]}}],"collection":[{"href":"https:\/\/christusnews.de\/site\/wp-json\/wp\/v2\/posts"}],"about":[{"href":"https:\/\/christusnews.de\/site\/wp-json\/wp\/v2\/types\/post"}],"author":[{"embeddable":true,"href":"https:\/\/christusnews.de\/site\/wp-json\/wp\/v2\/users\/7"}],"replies":[{"embeddable":true,"href":"https:\/\/christusnews.de\/site\/wp-json\/wp\/v2\/comments?post=26180"}],"version-history":[{"count":1,"href":"https:\/\/christusnews.de\/site\/wp-json\/wp\/v2\/posts\/26180\/revisions"}],"predecessor-version":[{"id":26181,"href":"https:\/\/christusnews.de\/site\/wp-json\/wp\/v2\/posts\/26180\/revisions\/26181"}],"wp:attachment":[{"href":"https:\/\/christusnews.de\/site\/wp-json\/wp\/v2\/media?parent=26180"}],"wp:term":[{"taxonomy":"category","embeddable":true,"href":"https:\/\/christusnews.de\/site\/wp-json\/wp\/v2\/categories?post=26180"},{"taxonomy":"post_tag","embeddable":true,"href":"https:\/\/christusnews.de\/site\/wp-json\/wp\/v2\/tags?post=26180"}],"curies":[{"name":"wp","href":"https:\/\/api.w.org\/{rel}","templated":true}]}}