{"id":26189,"date":"2024-01-09T11:34:00","date_gmt":"2024-01-09T10:34:00","guid":{"rendered":"https:\/\/christusnews.de\/site\/richterbund-mehr-strafen-wegen-antisemitismus-kaum-zu-bewaeltigen\/"},"modified":"2024-01-10T22:17:29","modified_gmt":"2024-01-10T21:17:29","slug":"richterbund-mehr-strafen-wegen-antisemitismus-kaum-zu-bewaeltigen","status":"publish","type":"post","link":"https:\/\/christusnews.de\/site\/richterbund-mehr-strafen-wegen-antisemitismus-kaum-zu-bewaeltigen\/","title":{"rendered":"Richterbund: Mehr Strafen wegen Antisemitismus kaum zu bew\u00e4ltigen"},"content":{"rendered":"<p class=\"MsoPlainText\">Osnabr\u00fcck\/Berlin (epd). Der Deutsche Richterbund hat mit Skepsis auf die Forderungen des Zentralrates der Juden nach sch\u00e4rferen Strafen gegen Antisemitismus reagiert. \u00abSch\u00e4rfere Strafgesetze allein werden wenig bewirken, solange eine personell ausgelaugte Strafjustiz mit ihrer Arbeit kaum noch hinterherkommt , sagte der Bundesgesch\u00e4ftsf\u00fchrer des Verbandes, Sven Rebehn, der \u00bbNeuen Osnabr\u00fccker Zeitung\u00ab (Dienstag).<\/p>\n<p class=\"MsoPlainText\">&nbsp;<\/p>\n<p class=\"MsoPlainText\">Auch die Kritik von Zentralratspr\u00e4sident Josef Schuster an zu milden Urteilen bei judenfeindlichen Straftaten wies Rebehn zur\u00fcck: Strafverfahren wegen antisemitisch motivierter Taten f\u00fchre die Strafjustiz \u00bbgenerell mit h\u00f6chster Priorit\u00e4t\u00ab. Solche F\u00e4lle w\u00fcrden grunds\u00e4tzlich nicht wegen Geringf\u00fcgigkeit oder gegen Auflagen eingestellt, sondern konsequent vor Gericht gebracht. Der Deutsche Richterbund vertritt bundesweit rund 17.000 Richter und Staatsanw\u00e4lte.<\/p>\n<p class=\"MsoPlainText\">&nbsp;<\/p>\n<p class=\"MsoPlainText\">Schuster hatte am Sonntag bei der Klausur der CSU-Bundestagsabgeordneten im Kloster Seeon eine sch\u00e4rfere Bestrafung von Antisemitismus verlangt und sich hinter einen entsprechenden Forderungskatalog der CSU-Landesgruppe gestellt. Dieser sieht etwa vor, Hetze gegen den Staat Israel mit einer Freiheitsstrafe von mindestens sechs Monaten zu ahnden.<\/p>\n<p class=\"MsoPlainText\">&nbsp;<\/p>\n<p class=\"MsoPlainText\">Laut Rebehn fehlen bundesweit mehr als 1.500 Staatsanw\u00e4lte und Strafrichter, so dass die Zahl offener Verfahren auf 850.000 hochgeschnellt sei. Das mache eine z\u00fcgige Bestrafung oft unm\u00f6glich. \u00bbBund und L\u00e4nder m\u00fcssen deshalb deutlich mehr in die Strafverfolgung investieren, um das Sicherheitsversprechen des Staates bestm\u00f6glich einzul\u00f6sen , sagte der Bundesgesch\u00e4ftsf\u00fchrer.<\/p>\n<p>Kirche-Oldenburg<br \/>\n<a href=\"https:\/\/www.kirche-oldenburg.de\/\/aktuell\/news-niedersachsen\/artikel\/richterbund-mehr-strafen-wegen-antisemitismus-kaum-zu-bewaeltigen\" target=\"_blank\" rel=\"noopener\">Richterbund: Mehr Strafen wegen Antisemitismus kaum zu bew\u00e4ltigen<\/a><\/p>\n","protected":false},"excerpt":{"rendered":"<p>Osnabr\u00fcck\/Berlin (epd). Der Deutsche Richterbund hat mit Skepsis auf die Forderungen des Zentralrates der Juden nach sch\u00e4rferen Strafen gegen Antisemitismus reagiert. \u00abSch\u00e4rfere Strafgesetze allein werden wenig bewirken, solange eine personell ausgelaugte Strafjustiz mit ihrer Arbeit kaum noch hinterherkommt , sagte der Bundesgesch\u00e4ftsf\u00fchrer des Verbandes, Sven Rebehn, der \u00bbNeuen Osnabr\u00fccker Zeitung\u00ab (Dienstag). &nbsp; Auch die Kritik von Zentralratspr\u00e4sident Josef Schuster an zu milden Urteilen bei judenfeindlichen Straftaten wies Rebehn zur\u00fcck: Strafverfahren wegen antisemitisch motivierter Taten f\u00fchre die Strafjustiz \u00bbgenerell mit h\u00f6chster Priorit\u00e4t\u00ab. Solche F\u00e4lle w\u00fcrden grunds\u00e4tzlich nicht wegen Geringf\u00fcgigkeit oder gegen Auflagen eingestellt, sondern konsequent vor Gericht gebracht. Der Deutsche Richterbund&#8230;<\/p>\n","protected":false},"author":7,"featured_media":0,"comment_status":"false","ping_status":"open","sticky":false,"template":"","format":"standard","meta":{"footnotes":""},"categories":[43],"tags":[44],"class_list":["post-26189","post","type-post","status-publish","format-standard","hentry","category-kirche-oldenburg","tag-kirche-oldenburg"],"_links":{"self":[{"href":"https:\/\/christusnews.de\/site\/wp-json\/wp\/v2\/posts\/26189","targetHints":{"allow":["GET"]}}],"collection":[{"href":"https:\/\/christusnews.de\/site\/wp-json\/wp\/v2\/posts"}],"about":[{"href":"https:\/\/christusnews.de\/site\/wp-json\/wp\/v2\/types\/post"}],"author":[{"embeddable":true,"href":"https:\/\/christusnews.de\/site\/wp-json\/wp\/v2\/users\/7"}],"replies":[{"embeddable":true,"href":"https:\/\/christusnews.de\/site\/wp-json\/wp\/v2\/comments?post=26189"}],"version-history":[{"count":1,"href":"https:\/\/christusnews.de\/site\/wp-json\/wp\/v2\/posts\/26189\/revisions"}],"predecessor-version":[{"id":26190,"href":"https:\/\/christusnews.de\/site\/wp-json\/wp\/v2\/posts\/26189\/revisions\/26190"}],"wp:attachment":[{"href":"https:\/\/christusnews.de\/site\/wp-json\/wp\/v2\/media?parent=26189"}],"wp:term":[{"taxonomy":"category","embeddable":true,"href":"https:\/\/christusnews.de\/site\/wp-json\/wp\/v2\/categories?post=26189"},{"taxonomy":"post_tag","embeddable":true,"href":"https:\/\/christusnews.de\/site\/wp-json\/wp\/v2\/tags?post=26189"}],"curies":[{"name":"wp","href":"https:\/\/api.w.org\/{rel}","templated":true}]}}