{"id":26216,"date":"2024-01-12T14:40:00","date_gmt":"2024-01-12T13:40:00","guid":{"rendered":"https:\/\/christusnews.de\/site\/umfrage-ostfriesland-spricht-plattdeutsch\/"},"modified":"2024-01-15T22:17:58","modified_gmt":"2024-01-15T21:17:58","slug":"umfrage-ostfriesland-spricht-plattdeutsch","status":"publish","type":"post","link":"https:\/\/christusnews.de\/site\/umfrage-ostfriesland-spricht-plattdeutsch\/","title":{"rendered":"Umfrage: Ostfriesland spricht Plattdeutsch"},"content":{"rendered":"<p class=\"MsoPlainText\">Aurich (epd). Nach einer Umfrage des Plattd\u00fc\u00fctskb\u00fcros der Ostfriesischen Landschaft k\u00f6nnen sich mehr als 93 Prozent der Befragten Ostfriesland nicht ohne Plattdeutsch vorstellen. \u00abDies belegt deutlich die positive Grundeinstellung zu unserer Regionalsprache und den damit verbundenen Imagewandel\u00bb, sagte Landschaftspr\u00e4sident Rico Mecklenburg am Freitag in Aurich.&nbsp;Plattdeutsch sei ein identit\u00e4tsstiftendes Moment der Region.<\/p>\n<p class=\"MsoPlainText\">&nbsp;<\/p>\n<p class=\"MsoPlainText\">An der Umfrage zur plattdeutschen Sprach- und Verstehenskompetenz haben den Angaben zufolge 2.637 Personen im vergangenen September teilgenommen. Fast 85 Prozent der Befragten gaben an, Plattdeutsch gut bis sehr gut zu verstehen. Knapp 59 Prozent sprechen nach eigener Einsch\u00e4tzung gut bis sehr gut Platt, fast 48 Prozent nutzen die Sprach t\u00e4glich bis oft. Nur knapp 16 Prozent unterhalten sich regelm\u00e4\u00dfig mit Kindern oder Enkelkindern auf Platt, fast 28 Prozent tun dies manchmal.<\/p>\n<p class=\"MsoPlainText\">&nbsp;<\/p>\n<p class=\"MsoPlainText\">Trotzdem seien mehr als 93 Prozent der Meinung, dass Kinder mit&nbsp;Hoch- und Plattdeutsch aufwachsen sollten, berichtete die Leiterin des Plattd\u00fc\u00fctskb\u00fcros, Grietje Kammler. Die Umfrage zeige indes, dass die Sprachkenntnisse bei j\u00fcngeren Menschen deutlich abnehmen. Demnach sprechen mehr als 76 Prozent der \u00fcber 60-J\u00e4hrigen gut oder sehr gut Platt, bei den 25- bis 60-J\u00e4hrigen sind es dagegen nur noch 52 Prozent. Fast die H\u00e4lfte der Befragten unter 25 Jahren k\u00f6nne kaum oder gar nicht Platt sprechen.<\/p>\n<p class=\"MsoPlainText\">&nbsp;<\/p>\n<p class=\"MsoPlainText\">\u00abWenn Ostfriesland zweisprachig bleiben soll, muss also das Bewusstsein gest\u00e4rkt werden, dass Platt auch mit den n\u00e4chsten Generationen gesprochen werden muss\u00bb, sagte Kammler. K\u00fcnftige Kampagnen der Ostfriesischen Landschaft sollten darum f\u00fcr den Gebrauch von Platt im Alltag, insbesondere im Umgang mit Kindern, werben. Zugleich solle das Plattdeutsch-Angebot im Bildungsbereich gest\u00e4rkt werden.<\/p>\n<p>Kirche-Oldenburg<br \/>\n<a href=\"https:\/\/www.kirche-oldenburg.de\/\/aktuell\/news-niedersachsen\/artikel\/umfrage-ostfriesland-spricht-plattdeutsch\" target=\"_blank\" rel=\"noopener\">Umfrage: Ostfriesland spricht Plattdeutsch<\/a><\/p>\n","protected":false},"excerpt":{"rendered":"<p>Aurich (epd). Nach einer Umfrage des Plattd\u00fc\u00fctskb\u00fcros der Ostfriesischen Landschaft k\u00f6nnen sich mehr als 93 Prozent der Befragten Ostfriesland nicht ohne Plattdeutsch vorstellen. \u00abDies belegt deutlich die positive Grundeinstellung zu unserer Regionalsprache und den damit verbundenen Imagewandel\u00bb, sagte Landschaftspr\u00e4sident Rico Mecklenburg am Freitag in Aurich.&nbsp;Plattdeutsch sei ein identit\u00e4tsstiftendes Moment der Region. &nbsp; An der Umfrage zur plattdeutschen Sprach- und Verstehenskompetenz haben den Angaben zufolge 2.637 Personen im vergangenen September teilgenommen. Fast 85 Prozent der Befragten gaben an, Plattdeutsch gut bis sehr gut zu verstehen. Knapp 59 Prozent sprechen nach eigener Einsch\u00e4tzung gut bis sehr gut Platt, fast 48 Prozent nutzen&#8230;<\/p>\n","protected":false},"author":7,"featured_media":0,"comment_status":"false","ping_status":"open","sticky":false,"template":"","format":"standard","meta":{"footnotes":""},"categories":[43],"tags":[44],"class_list":["post-26216","post","type-post","status-publish","format-standard","hentry","category-kirche-oldenburg","tag-kirche-oldenburg"],"_links":{"self":[{"href":"https:\/\/christusnews.de\/site\/wp-json\/wp\/v2\/posts\/26216","targetHints":{"allow":["GET"]}}],"collection":[{"href":"https:\/\/christusnews.de\/site\/wp-json\/wp\/v2\/posts"}],"about":[{"href":"https:\/\/christusnews.de\/site\/wp-json\/wp\/v2\/types\/post"}],"author":[{"embeddable":true,"href":"https:\/\/christusnews.de\/site\/wp-json\/wp\/v2\/users\/7"}],"replies":[{"embeddable":true,"href":"https:\/\/christusnews.de\/site\/wp-json\/wp\/v2\/comments?post=26216"}],"version-history":[{"count":1,"href":"https:\/\/christusnews.de\/site\/wp-json\/wp\/v2\/posts\/26216\/revisions"}],"predecessor-version":[{"id":26217,"href":"https:\/\/christusnews.de\/site\/wp-json\/wp\/v2\/posts\/26216\/revisions\/26217"}],"wp:attachment":[{"href":"https:\/\/christusnews.de\/site\/wp-json\/wp\/v2\/media?parent=26216"}],"wp:term":[{"taxonomy":"category","embeddable":true,"href":"https:\/\/christusnews.de\/site\/wp-json\/wp\/v2\/categories?post=26216"},{"taxonomy":"post_tag","embeddable":true,"href":"https:\/\/christusnews.de\/site\/wp-json\/wp\/v2\/tags?post=26216"}],"curies":[{"name":"wp","href":"https:\/\/api.w.org\/{rel}","templated":true}]}}