{"id":26218,"date":"2024-01-12T14:37:00","date_gmt":"2024-01-12T13:37:00","guid":{"rendered":"https:\/\/christusnews.de\/site\/theologe-schweigende-mehrheit-muss-sich-gegen-rechtsextreme-erheben\/"},"modified":"2024-01-15T22:17:59","modified_gmt":"2024-01-15T21:17:59","slug":"theologe-schweigende-mehrheit-muss-sich-gegen-rechtsextreme-erheben","status":"publish","type":"post","link":"https:\/\/christusnews.de\/site\/theologe-schweigende-mehrheit-muss-sich-gegen-rechtsextreme-erheben\/","title":{"rendered":"Theologe: Schweigende Mehrheit muss sich gegen Rechtsextreme erheben"},"content":{"rendered":"<p class=\"MsoPlainText\">Celle (epd). Der evangelische Theologe Wilfried Manneke hat die B\u00fcrger und die Kirchen in Deutschland aufgefordert, sich deutlicher gegen Rechtsextremismus zu positionieren. Vor dem Hintergrund eines geheimen Treffens Rechtsextremer in Potsdam unter Beteiligung der AfD sei es \u00abh\u00f6chste Zeit, dass die schweigende Mehrheit sich erhebt\u00bb, sagte Manneke in einem Gespr\u00e4ch mit dem Evangelischen Pressedienst (epd). Die AfD zeige zunehmend ihr wahres Gesicht und werde der rechtsextremen NPD immer \u00e4hnlicher. \u00abJetzt m\u00fcssen die Alarmglocken l\u00e4uten. Alle, denen die Demokratie etwas wert ist, m\u00fcssen das Wort ergreifen, unter Umst\u00e4nden sogar Demonstrationen organisieren und auf die Stra\u00dfe gehen.\u00bb<\/p>\n<p class=\"MsoPlainText\">&nbsp;<\/p>\n<p class=\"MsoPlainText\">Auch die Bisch\u00f6finnen und Bisch\u00f6fe sollten ihre Stimme erheben und eindeutig Stellung beziehen, betonte der Pastor und Vorsitzende der Initiative \u00abKirche f\u00fcr Demokratie &#8211; gegen Rechtsextremismus\u00bb Niedersachsen. Jeder k\u00f6nne Leserbriefe schreiben oder sich sonst \u00f6ffentlich \u00e4u\u00dfern. Ebenso wichtig sei jedoch der Widerspruch gegen rechte Parolen im eigenen privaten Umfeld. Er biete seit Jahren Workshops f\u00fcr eine Gespr\u00e4chsf\u00fchrung mit Menschen an, die einer rechten Ideologie anhingen.<\/p>\n<p class=\"MsoPlainText\">&nbsp;<\/p>\n<p class=\"MsoPlainText\">Am Mittwoch hatte das Recherchenetzwerk Correctiv einen Bericht \u00fcber ein Treffen von hochrangigen AfD-Politikern, Neonazis und Unternehmern ver\u00f6ffentlicht, bei dem Pl\u00e4ne zur Vertreibung von Millionen Menschen aus Deutschland besprochen worden sein sollen. Demnach sollten nicht nur Menschen ohne deutschen Pass das Land verlassen m\u00fcssen, sondern auch deutsche Staatsb\u00fcrger mit internationalen Wurzeln.<\/p>\n<p class=\"MsoPlainText\">&nbsp;<\/p>\n<p class=\"MsoPlainText\">Manneke betonte, er habe den Eindruck, dass die meisten Menschen die Entwicklung als eine Zeiterscheinung betrachteten, die wieder vorbeigehe. Das sei gef\u00e4hrlich. Gerade mit Blick auf die in diesem Jahr anstehenden zahlreichen Wahlen in einigen Bundesl\u00e4ndern, aber auch in vielen europ\u00e4ischen Staaten \u00abk\u00f6nnen wir uns nicht l\u00e4nger bequem zur\u00fccklehnen.\u00bb Die AfD erhalte immer mehr Zuspruch. Er sei erschrocken, wie vielen Menschen die Demokratie offenbar egal zu sein scheine.<\/p>\n<p class=\"MsoPlainText\">&nbsp;<\/p>\n<p class=\"MsoPlainText\">Die AfD nutze die Unzufriedenheit vieler mit der Regierungspolitik aus und hetze gezielt gegen Politiker der Ampelkoalition, sagte der Tr\u00e4ger des Paul-Spiegel-Preises f\u00fcr Zivilcourage. Sie pr\u00e4sentiere aber selbst nie L\u00f6sungen f\u00fcr die bestehenden Probleme. Wer \u00c4u\u00dferungen von AfD-Politikern analysiere, komme schnell zu dem Schluss, dass viele eindeutig rechtsextrem, hetzerisch gegen\u00fcber Ausl\u00e4ndern und gegen den demokratischen Staat gerichtet seien. Seiner Ansicht nach m\u00fcsse die AfD verboten werden.<\/p>\n<p class=\"MsoPlainText\">&nbsp;<\/p>\n<p class=\"MsoPlainText\">Manche Menschen mit Migrationshintergrund h\u00e4tten mittlerweile Angst vor einer weiteren Eskalation und \u00fcberlegten, Deutschland zu verlassen. \u00abEinige sitzen schon auf gepackten Koffern.\u00bb Dagegen m\u00fcsse gerade die Kirche etwas unternehmen. Sie habe aus der Bibel heraus eine besondere Verantwortung gegen\u00fcber Gefl\u00fcchteten.<\/p>\n<p>Kirche-Oldenburg<br \/>\n<a href=\"https:\/\/www.kirche-oldenburg.de\/\/aktuell\/news-niedersachsen\/artikel\/theologe-schweigende-mehrheit-muss-sich-gegen-rechtsextreme-erheben\" target=\"_blank\" rel=\"noopener\">Theologe: Schweigende Mehrheit muss sich gegen Rechtsextreme erheben<\/a><\/p>\n","protected":false},"excerpt":{"rendered":"<p>Celle (epd). Der evangelische Theologe Wilfried Manneke hat die B\u00fcrger und die Kirchen in Deutschland aufgefordert, sich deutlicher gegen Rechtsextremismus zu positionieren. Vor dem Hintergrund eines geheimen Treffens Rechtsextremer in Potsdam unter Beteiligung der AfD sei es \u00abh\u00f6chste Zeit, dass die schweigende Mehrheit sich erhebt\u00bb, sagte Manneke in einem Gespr\u00e4ch mit dem Evangelischen Pressedienst (epd). Die AfD zeige zunehmend ihr wahres Gesicht und werde der rechtsextremen NPD immer \u00e4hnlicher. \u00abJetzt m\u00fcssen die Alarmglocken l\u00e4uten. Alle, denen die Demokratie etwas wert ist, m\u00fcssen das Wort ergreifen, unter Umst\u00e4nden sogar Demonstrationen organisieren und auf die Stra\u00dfe gehen.\u00bb &nbsp; Auch die Bisch\u00f6finnen und&#8230;<\/p>\n","protected":false},"author":7,"featured_media":0,"comment_status":"false","ping_status":"open","sticky":false,"template":"","format":"standard","meta":{"footnotes":""},"categories":[43],"tags":[44],"class_list":["post-26218","post","type-post","status-publish","format-standard","hentry","category-kirche-oldenburg","tag-kirche-oldenburg"],"_links":{"self":[{"href":"https:\/\/christusnews.de\/site\/wp-json\/wp\/v2\/posts\/26218","targetHints":{"allow":["GET"]}}],"collection":[{"href":"https:\/\/christusnews.de\/site\/wp-json\/wp\/v2\/posts"}],"about":[{"href":"https:\/\/christusnews.de\/site\/wp-json\/wp\/v2\/types\/post"}],"author":[{"embeddable":true,"href":"https:\/\/christusnews.de\/site\/wp-json\/wp\/v2\/users\/7"}],"replies":[{"embeddable":true,"href":"https:\/\/christusnews.de\/site\/wp-json\/wp\/v2\/comments?post=26218"}],"version-history":[{"count":1,"href":"https:\/\/christusnews.de\/site\/wp-json\/wp\/v2\/posts\/26218\/revisions"}],"predecessor-version":[{"id":26219,"href":"https:\/\/christusnews.de\/site\/wp-json\/wp\/v2\/posts\/26218\/revisions\/26219"}],"wp:attachment":[{"href":"https:\/\/christusnews.de\/site\/wp-json\/wp\/v2\/media?parent=26218"}],"wp:term":[{"taxonomy":"category","embeddable":true,"href":"https:\/\/christusnews.de\/site\/wp-json\/wp\/v2\/categories?post=26218"},{"taxonomy":"post_tag","embeddable":true,"href":"https:\/\/christusnews.de\/site\/wp-json\/wp\/v2\/tags?post=26218"}],"curies":[{"name":"wp","href":"https:\/\/api.w.org\/{rel}","templated":true}]}}