{"id":26220,"date":"2024-01-15T15:46:00","date_gmt":"2024-01-15T14:46:00","guid":{"rendered":"https:\/\/christusnews.de\/site\/tag-der-niedersachsen-2025-und-2026-in-osnabrueck-und-braunschweig\/"},"modified":"2024-01-16T22:17:22","modified_gmt":"2024-01-16T21:17:22","slug":"tag-der-niedersachsen-2025-und-2026-in-osnabrueck-und-braunschweig","status":"publish","type":"post","link":"https:\/\/christusnews.de\/site\/tag-der-niedersachsen-2025-und-2026-in-osnabrueck-und-braunschweig\/","title":{"rendered":"\u00abTag der Niedersachsen\u00bb 2025 und 2026 in Osnabr\u00fcck und Braunschweig"},"content":{"rendered":"<p class=\"MsoPlainText\">Hannover\/Osnabr\u00fcck\/Braunschweig (epd). Der \u00abTag der Niedersachsen\u00bb wird in seiner 38. und 39. Auflage in den kommenden beiden Jahren in Osnabr\u00fcck und Braunschweig gastieren. Das Fest der Ehrenamtlichen werde vom 29. bis 31. August 2025 in der Friedensstadt und vom 12. bis 14. Juni 2026 in der L\u00f6wenstadt gefeiert, sagte Innenministerin Daniela Behrens (SPD) am Montag in Hannover. \u00abEs ist etwas ganz Besonderes, dass wir gleich in zwei aufeinander folgenden Jahren die wichtige Stellung des Ehrenamtes in unserem Bundesland in diesem Rahmen w\u00fcrdigen k\u00f6nnen.\u00bb<\/p>\n<p class=\"MsoPlainText\">&nbsp;<\/p>\n<p class=\"MsoPlainText\">Die Bew\u00e4ltigung des Hochwassers der vergangenen Wochen habe einmal mehr den unsch\u00e4tzbaren Wert des Ehrenamtes gezeigt. \u00abDas Ehrenamt ist die tragende S\u00e4ule des Gemeinwohls\u00bb, betonte Behrens.<\/p>\n<p class=\"MsoPlainText\">&nbsp;<\/p>\n<p class=\"MsoPlainText\">Osnabr\u00fccks Oberb\u00fcrgermeisterin Katharina P\u00f6tter (CDU) sagte, sie freue sich auf viele G\u00e4ste aus dem ganzen Land. Die Friedensstadt werde ihre \u00abhistorische, kulturelle, wirtschaftliche und innovative Vitalit\u00e4t\u00bb pr\u00e4sentieren. Braunschweigs Oberb\u00fcrgermeister Thorsten Kornblum (SPD) sagte, seine Stadt wolle ihre St\u00e4rken und ihre Attraktivit\u00e4t noch bekannter machen.<\/p>\n<p class=\"MsoPlainText\">&nbsp;<\/p>\n<p class=\"MsoPlainText\">Der \u00abTag der Niedersachsen\u00bb wird den Angaben zufolge seit 1981 als \u00abLandesfest der Ehrenamtlichen\u00bb in wechselnden St\u00e4dten oder Regionen gefeiert. Das Rahmenprogramm gestalten die jeweilige Kommune und das Ministerium gemeinsam mit Vereinen, Verb\u00e4nden und Einzelpersonen. Der letzte \u00abTag der Niedersachsen\u00bb 2022 in Hannover z\u00e4hlte rund 500.000 Besucherinnen und Besucher.<\/p>\n<p>Kirche-Oldenburg<br \/>\n<a href=\"https:\/\/www.kirche-oldenburg.de\/\/aktuell\/news-niedersachsen\/artikel\/tag-der-niedersachsen-2025-und-2026-in-osnabrueck-und-braunschweig\" target=\"_blank\" rel=\"noopener\">\u00abTag der Niedersachsen\u00bb 2025 und 2026 in Osnabr\u00fcck und Braunschweig<\/a><\/p>\n","protected":false},"excerpt":{"rendered":"<p>Hannover\/Osnabr\u00fcck\/Braunschweig (epd). Der \u00abTag der Niedersachsen\u00bb wird in seiner 38. und 39. Auflage in den kommenden beiden Jahren in Osnabr\u00fcck und Braunschweig gastieren. Das Fest der Ehrenamtlichen werde vom 29. bis 31. August 2025 in der Friedensstadt und vom 12. bis 14. Juni 2026 in der L\u00f6wenstadt gefeiert, sagte Innenministerin Daniela Behrens (SPD) am Montag in Hannover. \u00abEs ist etwas ganz Besonderes, dass wir gleich in zwei aufeinander folgenden Jahren die wichtige Stellung des Ehrenamtes in unserem Bundesland in diesem Rahmen w\u00fcrdigen k\u00f6nnen.\u00bb &nbsp; Die Bew\u00e4ltigung des Hochwassers der vergangenen Wochen habe einmal mehr den unsch\u00e4tzbaren Wert des Ehrenamtes gezeigt&#8230;.<\/p>\n","protected":false},"author":7,"featured_media":0,"comment_status":"false","ping_status":"open","sticky":false,"template":"","format":"standard","meta":{"footnotes":""},"categories":[43],"tags":[44],"class_list":["post-26220","post","type-post","status-publish","format-standard","hentry","category-kirche-oldenburg","tag-kirche-oldenburg"],"_links":{"self":[{"href":"https:\/\/christusnews.de\/site\/wp-json\/wp\/v2\/posts\/26220","targetHints":{"allow":["GET"]}}],"collection":[{"href":"https:\/\/christusnews.de\/site\/wp-json\/wp\/v2\/posts"}],"about":[{"href":"https:\/\/christusnews.de\/site\/wp-json\/wp\/v2\/types\/post"}],"author":[{"embeddable":true,"href":"https:\/\/christusnews.de\/site\/wp-json\/wp\/v2\/users\/7"}],"replies":[{"embeddable":true,"href":"https:\/\/christusnews.de\/site\/wp-json\/wp\/v2\/comments?post=26220"}],"version-history":[{"count":1,"href":"https:\/\/christusnews.de\/site\/wp-json\/wp\/v2\/posts\/26220\/revisions"}],"predecessor-version":[{"id":26221,"href":"https:\/\/christusnews.de\/site\/wp-json\/wp\/v2\/posts\/26220\/revisions\/26221"}],"wp:attachment":[{"href":"https:\/\/christusnews.de\/site\/wp-json\/wp\/v2\/media?parent=26220"}],"wp:term":[{"taxonomy":"category","embeddable":true,"href":"https:\/\/christusnews.de\/site\/wp-json\/wp\/v2\/categories?post=26220"},{"taxonomy":"post_tag","embeddable":true,"href":"https:\/\/christusnews.de\/site\/wp-json\/wp\/v2\/tags?post=26220"}],"curies":[{"name":"wp","href":"https:\/\/api.w.org\/{rel}","templated":true}]}}