{"id":26222,"date":"2024-01-15T05:47:00","date_gmt":"2024-01-15T04:47:00","guid":{"rendered":"https:\/\/christusnews.de\/site\/ariadne-klingbeil-an-spitze-der-epd-arbeitsgemeinschaft-gewaehlt\/"},"modified":"2024-01-16T22:17:23","modified_gmt":"2024-01-16T21:17:23","slug":"ariadne-klingbeil-an-spitze-der-epd-arbeitsgemeinschaft-gewaehlt","status":"publish","type":"post","link":"https:\/\/christusnews.de\/site\/ariadne-klingbeil-an-spitze-der-epd-arbeitsgemeinschaft-gewaehlt\/","title":{"rendered":"Ariadne Klingbeil an Spitze der epd-Arbeitsgemeinschaft gew\u00e4hlt"},"content":{"rendered":"<p class=\"MsoPlainText\">Frankfurt a.M.\/Hannover (epd). Ariadne Klingbeil ist neue Vorsitzende der Arbeitsgemeinschaft des Evangelischen Pressedienstes (epd). Zwei Wochen nach ihrem Start als Kaufm\u00e4nnische Gesch\u00e4ftsf\u00fchrerin des Gemeinschaftswerks der Evangelischen Publizistik (GEP) wurde Klingbeil am Montag von der Mitgliederversammlung f\u00fcr f\u00fcnf Jahre an die Spitze des Zusammenschlusses der epd-Tr\u00e4ger gew\u00e4hlt, wie der Evangelische Pressedienst in Frankfurt am Main mitteilte. Als stellvertretende Vorsitzende wurde Andrea Naumann, Gesch\u00e4ftsf\u00fchrerin des Verbandes Evangelischer Publizistik Niedersachsen-Bremen, wiedergew\u00e4hlt.<\/p>\n<p class=\"MsoPlainText\">&nbsp;<\/p>\n<p class=\"MsoPlainText\">Die Medienmanagerin Klingbeil, zuvor Gesch\u00e4ftsf\u00fchrerin bei einer Tochtergesellschaft des Verbandes der Di\u00f6zesen Deutschlands, folgt als Vorsitzende der epd-Arbeitsgemeinschaft auf GEP-Direktor J\u00f6rg Bollmann, der dieses Amt zehn Jahre bekleidet hatte. Er geht Ende Februar mit 66 Jahren in den Ruhestand. Das GEP wird k\u00fcnftig von einer Doppelspitze gef\u00fchrt, der ab M\u00e4rz neben Klingbeil Stefanie Schardien als Theologische Gesch\u00e4ftsf\u00fchrerin angeh\u00f6rt. Das GEP ist die zentrale Medieneinrichtung der Evangelischen Kirche in Deutschland (EKD), ihrer Landeskirchen und Werke sowie der evangelischen Freikirchen. Zum GEP geh\u00f6rt unter anderem die Zentralredaktion des epd.<\/p>\n<p class=\"MsoPlainText\">&nbsp;<\/p>\n<p class=\"MsoPlainText\">In der epd-Arbeitsgemeinschaft sind das GEP und die regionalen Tr\u00e4gerunternehmen des Evangelischen Pressedienstes organisiert. Die sieben epd-Landesdienste, die fl\u00e4chendeckend aus allen Bundesl\u00e4ndern berichten, werden von eigenst\u00e4ndigen kirchlichen Medienunternehmen getragen.<\/p>\n<p>Kirche-Oldenburg<br \/>\n<a href=\"https:\/\/www.kirche-oldenburg.de\/\/aktuell\/news-niedersachsen\/artikel\/ariadne-klingbeil-an-spitze-der-epd-arbeitsgemeinschaft-gewaehlt\" target=\"_blank\" rel=\"noopener\">Ariadne Klingbeil an Spitze der epd-Arbeitsgemeinschaft gew\u00e4hlt<\/a><\/p>\n","protected":false},"excerpt":{"rendered":"<p>Frankfurt a.M.\/Hannover (epd). Ariadne Klingbeil ist neue Vorsitzende der Arbeitsgemeinschaft des Evangelischen Pressedienstes (epd). Zwei Wochen nach ihrem Start als Kaufm\u00e4nnische Gesch\u00e4ftsf\u00fchrerin des Gemeinschaftswerks der Evangelischen Publizistik (GEP) wurde Klingbeil am Montag von der Mitgliederversammlung f\u00fcr f\u00fcnf Jahre an die Spitze des Zusammenschlusses der epd-Tr\u00e4ger gew\u00e4hlt, wie der Evangelische Pressedienst in Frankfurt am Main mitteilte. Als stellvertretende Vorsitzende wurde Andrea Naumann, Gesch\u00e4ftsf\u00fchrerin des Verbandes Evangelischer Publizistik Niedersachsen-Bremen, wiedergew\u00e4hlt. &nbsp; Die Medienmanagerin Klingbeil, zuvor Gesch\u00e4ftsf\u00fchrerin bei einer Tochtergesellschaft des Verbandes der Di\u00f6zesen Deutschlands, folgt als Vorsitzende der epd-Arbeitsgemeinschaft auf GEP-Direktor J\u00f6rg Bollmann, der dieses Amt zehn Jahre bekleidet hatte. Er geht&#8230;<\/p>\n","protected":false},"author":7,"featured_media":0,"comment_status":"false","ping_status":"open","sticky":false,"template":"","format":"standard","meta":{"footnotes":""},"categories":[43],"tags":[44],"class_list":["post-26222","post","type-post","status-publish","format-standard","hentry","category-kirche-oldenburg","tag-kirche-oldenburg"],"_links":{"self":[{"href":"https:\/\/christusnews.de\/site\/wp-json\/wp\/v2\/posts\/26222","targetHints":{"allow":["GET"]}}],"collection":[{"href":"https:\/\/christusnews.de\/site\/wp-json\/wp\/v2\/posts"}],"about":[{"href":"https:\/\/christusnews.de\/site\/wp-json\/wp\/v2\/types\/post"}],"author":[{"embeddable":true,"href":"https:\/\/christusnews.de\/site\/wp-json\/wp\/v2\/users\/7"}],"replies":[{"embeddable":true,"href":"https:\/\/christusnews.de\/site\/wp-json\/wp\/v2\/comments?post=26222"}],"version-history":[{"count":1,"href":"https:\/\/christusnews.de\/site\/wp-json\/wp\/v2\/posts\/26222\/revisions"}],"predecessor-version":[{"id":26223,"href":"https:\/\/christusnews.de\/site\/wp-json\/wp\/v2\/posts\/26222\/revisions\/26223"}],"wp:attachment":[{"href":"https:\/\/christusnews.de\/site\/wp-json\/wp\/v2\/media?parent=26222"}],"wp:term":[{"taxonomy":"category","embeddable":true,"href":"https:\/\/christusnews.de\/site\/wp-json\/wp\/v2\/categories?post=26222"},{"taxonomy":"post_tag","embeddable":true,"href":"https:\/\/christusnews.de\/site\/wp-json\/wp\/v2\/tags?post=26222"}],"curies":[{"name":"wp","href":"https:\/\/api.w.org\/{rel}","templated":true}]}}