{"id":26235,"date":"2024-01-16T10:16:00","date_gmt":"2024-01-16T09:16:00","guid":{"rendered":"https:\/\/christusnews.de\/site\/buendnis-in-hannover-will-gegen-rechtsruck-demonstrieren-dgb-chefin-fahimi-sowie-weil-und-meister-zu-kundgebung-erwartet\/"},"modified":"2024-01-17T22:17:25","modified_gmt":"2024-01-17T21:17:25","slug":"buendnis-in-hannover-will-gegen-rechtsruck-demonstrieren-dgb-chefin-fahimi-sowie-weil-und-meister-zu-kundgebung-erwartet","status":"publish","type":"post","link":"https:\/\/christusnews.de\/site\/buendnis-in-hannover-will-gegen-rechtsruck-demonstrieren-dgb-chefin-fahimi-sowie-weil-und-meister-zu-kundgebung-erwartet\/","title":{"rendered":"B\u00fcndnis in Hannover will gegen \u00abRechtsruck\u00bb demonstrieren &#8211; DGB-Chefin Fahimi sowie Weil und Meister zu Kundgebung erwartet"},"content":{"rendered":"<p class=\"MsoPlainText\">Hannover (epd). Ein breites B\u00fcndnis gesellschaftlicher Organisationen will am Sonnabend (20. Januar) in Hannover gegen einen erstarkenden Rechtspopulismus demonstrieren. Das Motto lautet \u00abHannover zeigt Haltung gegen Rechts und f\u00fcr die Demokratie\u00bb, wie die Initiatoren am Dienstag mitteilten. Nach Angaben der Polizei werden zu der Kundgebung zwischen 14 und 16 Uhr auf dem Opernplatz rund 1.000 Teilnehmerinnen und Teilnehmer erwartet. Angemeldet wurde die Kundgebung vom Freundeskreis Hannover.<\/p>\n<p class=\"MsoPlainText\">&nbsp;<\/p>\n<p class=\"MsoPlainText\">Als Rednerinnen und Redner sind unter anderem die Bundesvorsitzende des Deutschen Gewerkschaftsbundes, Yasmin Fahimi, Niedersachsens Ministerpr\u00e4sident Stephan Weil (SPD) und Altbundespr\u00e4sident Christian Wulff vorgesehen. Auch Hannovers Oberb\u00fcrgermeister Belit Onay (Gr\u00fcne), der evangelische Landesbischof Ralf Meister und die hannoversche Regionalbisch\u00f6fin Petra Bahr wollen sich bei der Kundgebung \u00e4u\u00dfern. \u00abEs ist Zeit, die Demokratie zu verteidigen\u00bb, erkl\u00e4rten die Initiatoren. \u00abWir stellen uns entschieden gegen einen Rechtsruck.\u00bb<\/p>\n<p class=\"MsoPlainText\">&nbsp;<\/p>\n<p class=\"MsoPlainText\">Nach Bekanntwerden eines Treffens rechtsgerichteter Aktivisten in Potsdam mit AfD-Politikern hatten am vergangenen Wochenende in mehreren St\u00e4dten, darunter Berlin und Potsdam, bereits Tausende Menschen gegen den Rechtspopulismus demonstriert. In der vergangenen Woche hatte das Medienhaus Correctiv Rechercheergebnisse zu dem Treffen in einer Potsdamer Villa im vergangenen November ver\u00f6ffentlicht, bei dem auch Pl\u00e4ne zur Vertreibung von Migranten diskutiert worden sein sollen. An dem Treffen h\u00e4tten Rechtsextreme, einzelne AfD-Funktion\u00e4re sowie Mitglieder der CDU und der erzkonservativen Werteunion teilgenommen.<\/p>\n<p class=\"MsoPlainText\">&nbsp;<\/p>\n<p class=\"MsoPlainText\">Hinter dem Demonstrationsaufruf f\u00fcr Hannover stehen Gewerkschaften, Kirchen und Sportvereine sowie Organisationen aus Parteien und Hochschulen. In Bremen ist f\u00fcr Sonntag (21. Januar) eine Demonstration des B\u00fcndnisses \u00abLaut gegen Rechts\u00bb auf dem Marktplatz angek\u00fcndigt.<\/p>\n<p>Kirche-Oldenburg<br \/>\n<a href=\"https:\/\/www.kirche-oldenburg.de\/\/aktuell\/news-niedersachsen\/artikel\/buendnis-in-hannover-will-gegen-rechtsruck-demonstrieren-dgb-chefin-fahimi-sowie-weil-und-meister-zu-kundgebung-erwartet\" target=\"_blank\" rel=\"noopener\">B\u00fcndnis in Hannover will gegen \u00abRechtsruck\u00bb demonstrieren &#8211; DGB-Chefin Fahimi sowie Weil und Meister zu Kundgebung erwartet<\/a><\/p>\n","protected":false},"excerpt":{"rendered":"<p>Hannover (epd). Ein breites B\u00fcndnis gesellschaftlicher Organisationen will am Sonnabend (20. Januar) in Hannover gegen einen erstarkenden Rechtspopulismus demonstrieren. Das Motto lautet \u00abHannover zeigt Haltung gegen Rechts und f\u00fcr die Demokratie\u00bb, wie die Initiatoren am Dienstag mitteilten. Nach Angaben der Polizei werden zu der Kundgebung zwischen 14 und 16 Uhr auf dem Opernplatz rund 1.000 Teilnehmerinnen und Teilnehmer erwartet. Angemeldet wurde die Kundgebung vom Freundeskreis Hannover. &nbsp; Als Rednerinnen und Redner sind unter anderem die Bundesvorsitzende des Deutschen Gewerkschaftsbundes, Yasmin Fahimi, Niedersachsens Ministerpr\u00e4sident Stephan Weil (SPD) und Altbundespr\u00e4sident Christian Wulff vorgesehen. Auch Hannovers Oberb\u00fcrgermeister Belit Onay (Gr\u00fcne), der evangelische Landesbischof&#8230;<\/p>\n","protected":false},"author":7,"featured_media":0,"comment_status":"false","ping_status":"open","sticky":false,"template":"","format":"standard","meta":{"footnotes":""},"categories":[43],"tags":[44],"class_list":["post-26235","post","type-post","status-publish","format-standard","hentry","category-kirche-oldenburg","tag-kirche-oldenburg"],"_links":{"self":[{"href":"https:\/\/christusnews.de\/site\/wp-json\/wp\/v2\/posts\/26235","targetHints":{"allow":["GET"]}}],"collection":[{"href":"https:\/\/christusnews.de\/site\/wp-json\/wp\/v2\/posts"}],"about":[{"href":"https:\/\/christusnews.de\/site\/wp-json\/wp\/v2\/types\/post"}],"author":[{"embeddable":true,"href":"https:\/\/christusnews.de\/site\/wp-json\/wp\/v2\/users\/7"}],"replies":[{"embeddable":true,"href":"https:\/\/christusnews.de\/site\/wp-json\/wp\/v2\/comments?post=26235"}],"version-history":[{"count":1,"href":"https:\/\/christusnews.de\/site\/wp-json\/wp\/v2\/posts\/26235\/revisions"}],"predecessor-version":[{"id":26236,"href":"https:\/\/christusnews.de\/site\/wp-json\/wp\/v2\/posts\/26235\/revisions\/26236"}],"wp:attachment":[{"href":"https:\/\/christusnews.de\/site\/wp-json\/wp\/v2\/media?parent=26235"}],"wp:term":[{"taxonomy":"category","embeddable":true,"href":"https:\/\/christusnews.de\/site\/wp-json\/wp\/v2\/categories?post=26235"},{"taxonomy":"post_tag","embeddable":true,"href":"https:\/\/christusnews.de\/site\/wp-json\/wp\/v2\/tags?post=26235"}],"curies":[{"name":"wp","href":"https:\/\/api.w.org\/{rel}","templated":true}]}}