{"id":26241,"date":"2024-01-18T23:49:00","date_gmt":"2024-01-18T22:49:00","guid":{"rendered":"https:\/\/christusnews.de\/site\/kundgebung-gegen-rechtsextremismus-in-oldenburg\/"},"modified":"2024-01-19T10:17:44","modified_gmt":"2024-01-19T09:17:44","slug":"kundgebung-gegen-rechtsextremismus-in-oldenburg","status":"publish","type":"post","link":"https:\/\/christusnews.de\/site\/kundgebung-gegen-rechtsextremismus-in-oldenburg\/","title":{"rendered":"Kundgebung gegen Rechtsextremismus in Oldenburg"},"content":{"rendered":"<p>Unter dem Motto: \u201eAlle auf die Stra\u00dfe! \u2013 Kundgebung gegen Rechtsextremismus\u201c ruft ein B\u00fcndnis aus Kirchen, Gewerkschaften, Vereinen, Institutionen und Parteien zu einer Kundgebung am Samstag, 20. Januar, 15 Uhr auf dem Oldenburger Schlosspatz auf.<\/p>\n<p>Mit der Kundgebung will das B\u00fcndnis gegen den zunehmenden Rechtsextremismus in Deutschland protestieren.<\/p>\n<p>\u201eDie Enth\u00fcllungen von Correctiv haben wieder einmal vor Augen gef\u00fchrt, welch menschenfeindliche und extremistische Ziele die AfD verfolgt. Das Geheimtreffen von AfD-Politikern, Neonazis und Unternehmern in einer Villa bei Potsdam zeigt deutlich, dass sich rechtsextreme Netzwerke neu formieren\u201c, so der Aufruf des B\u00fcndnisses.<\/p>\n<p>Als Vertreterin der Ev.-Luth. Kirche in Oldenburg beteiligt sich Pfarrerin Anja Kramer an der Kundgebung mit einem Redebeitrag. Die Diakoniepfarrerin der Ev.-luth. Kirchenkreises Oldenburg Stadt betont: christlicher Glaube frage nicht danach, welche Nationalit\u00e4t jemand habe oder welches Geschlecht: christlicher Glaube eine gerade unterschiedliche Menschen. Wir als Kirchen stellen uns deutlich gegen Antisemitismus und Islamfeindlichkeit; wir stehen Hand in Hand mit j\u00fcdischen und muslimischen Menschen in Deutschland. Wir sch\u00fctzen Fl\u00fcchtlinge und stellen uns gegen Rassismus.<\/p>\n<p>\u201eWir alle protestieren gegen das Gedankengut einer Partei, die menschenverachtend, unsolidarisch und demokratiefeindlich ist. Vor allem aber: Es ist h\u00f6chste Zeit, die Stimme zu erheben, wenn das Gedankengut der AfD Einzug h\u00e4lt in die Programme der anderen Parteien\u201c, so Kramer.<\/p>\n<p>In seinem Aufruf zur Kundgebung betont das B\u00fcndnis weiter: \u201eMillionen Menschen mit Migrationsgeschichte sollen demnach aus Deutschland vertrieben und deportiert werden. Diese zunehmend extremistischen und menschenverachtenden Kr\u00e4fte spalten, wo sie nur k\u00f6nnen, und sind die gr\u00f6\u00dfte Gefahr f\u00fcr Frieden und unsere Demokratie. Die Enth\u00fcllung kommt zu einem Zeitpunkt, in der die AfD mit ihren rechtpopulistischen und -extremen Positionen auf immer h\u00f6here Umfragergebnisse kommt. Das politische Klima in Deutschland verroht immer mehr. Zuletzt sahen wir das, als von Rechten unterwanderte Protestierende Bundesminister Robert Habeck auf einer privaten Reise auf einer F\u00e4hre massiv bedrohten. Dies ist nur ein Beispiel daf\u00fcr, wie die Gewaltphantasien gegen Politiker*innen in AfD-nahen Facebookgruppen ihren Weg ins reale Leben finden und demokratisches Miteinander gef\u00e4hrden.<br \/>\nEs ist an der Zeit, als Gesellschaft aufzustehen. Wir zeigen uns solidarisch mit marginalisierten Gruppen und Opfern rechter Gewalt. Jetzt m\u00fcssen wir ein starkes Signal aus der Mitte der Gesellschaft gegen Rassismus und Antisemitismus setzen. Gegen rechte Hetze und Spaltung!\u201c<\/p>\n<p>Das B\u00fcndnis aus vielen Gewerkschaften, Vereinen, Institutionen, Kirchen und Parteien will daher, am Samstag, 20. Januar, um 15 Uhr auf dem Schlossplatz in Oldenburg ein starkes Zeichen f\u00fcr Solidarit\u00e4t und unsere Demokratie setzen.&nbsp;<\/p>\n<p>\u201eWir stehen ein f\u00fcr ein weltoffenes, buntes und menschenfreundliches Oldenburg. Gegen Rechtsextremismus und gegen eine R\u00fcckkehr in dunkelste Zeiten unserer Geschichte\u201c, so das B\u00fcndnis.<br \/>\n&nbsp;<\/p>\n<p>Kirche-Oldenburg<br \/>\n<a href=\"https:\/\/www.kirche-oldenburg.de\/\/aktuell\/pressemitteilungen\/artikel\/kundgebung-gegen-rechtsextremismus-in-oldenburg\" target=\"_blank\" rel=\"noopener\">Kundgebung gegen Rechtsextremismus in Oldenburg<\/a><\/p>\n","protected":false},"excerpt":{"rendered":"<p>Unter dem Motto: \u201eAlle auf die Stra\u00dfe! \u2013 Kundgebung gegen Rechtsextremismus\u201c ruft ein B\u00fcndnis aus Kirchen, Gewerkschaften, Vereinen, Institutionen und Parteien zu einer Kundgebung am Samstag, 20. Januar, 15 Uhr auf dem Oldenburger Schlosspatz auf. Mit der Kundgebung will das B\u00fcndnis gegen den zunehmenden Rechtsextremismus in Deutschland protestieren. \u201eDie Enth\u00fcllungen von Correctiv haben wieder einmal vor Augen gef\u00fchrt, welch menschenfeindliche und extremistische Ziele die AfD verfolgt. Das Geheimtreffen von AfD-Politikern, Neonazis und Unternehmern in einer Villa bei Potsdam zeigt deutlich, dass sich rechtsextreme Netzwerke neu formieren\u201c, so der Aufruf des B\u00fcndnisses. Als Vertreterin der Ev.-Luth. Kirche in Oldenburg beteiligt sich&#8230;<\/p>\n","protected":false},"author":7,"featured_media":0,"comment_status":"false","ping_status":"open","sticky":false,"template":"","format":"standard","meta":{"footnotes":""},"categories":[43],"tags":[44],"class_list":["post-26241","post","type-post","status-publish","format-standard","hentry","category-kirche-oldenburg","tag-kirche-oldenburg"],"_links":{"self":[{"href":"https:\/\/christusnews.de\/site\/wp-json\/wp\/v2\/posts\/26241","targetHints":{"allow":["GET"]}}],"collection":[{"href":"https:\/\/christusnews.de\/site\/wp-json\/wp\/v2\/posts"}],"about":[{"href":"https:\/\/christusnews.de\/site\/wp-json\/wp\/v2\/types\/post"}],"author":[{"embeddable":true,"href":"https:\/\/christusnews.de\/site\/wp-json\/wp\/v2\/users\/7"}],"replies":[{"embeddable":true,"href":"https:\/\/christusnews.de\/site\/wp-json\/wp\/v2\/comments?post=26241"}],"version-history":[{"count":1,"href":"https:\/\/christusnews.de\/site\/wp-json\/wp\/v2\/posts\/26241\/revisions"}],"predecessor-version":[{"id":26242,"href":"https:\/\/christusnews.de\/site\/wp-json\/wp\/v2\/posts\/26241\/revisions\/26242"}],"wp:attachment":[{"href":"https:\/\/christusnews.de\/site\/wp-json\/wp\/v2\/media?parent=26241"}],"wp:term":[{"taxonomy":"category","embeddable":true,"href":"https:\/\/christusnews.de\/site\/wp-json\/wp\/v2\/categories?post=26241"},{"taxonomy":"post_tag","embeddable":true,"href":"https:\/\/christusnews.de\/site\/wp-json\/wp\/v2\/tags?post=26241"}],"curies":[{"name":"wp","href":"https:\/\/api.w.org\/{rel}","templated":true}]}}