{"id":26247,"date":"2024-01-18T23:05:00","date_gmt":"2024-01-18T22:05:00","guid":{"rendered":"https:\/\/christusnews.de\/site\/kundgebung-fuer-demokratie-und-gegen-rechtsextremismus-in-wilhelmshaven\/"},"modified":"2024-01-19T22:17:37","modified_gmt":"2024-01-19T21:17:37","slug":"kundgebung-fuer-demokratie-und-gegen-rechtsextremismus-in-wilhelmshaven","status":"publish","type":"post","link":"https:\/\/christusnews.de\/site\/kundgebung-fuer-demokratie-und-gegen-rechtsextremismus-in-wilhelmshaven\/","title":{"rendered":"Kundgebung f\u00fcr Demokratie und gegen Rechtsextremismus in Wilhelmshaven"},"content":{"rendered":"<p>Mit einem Zitat von Margot Friedl\u00e4nder &#8220;So hat es damals auch angefangen. \u2013 Friesland und Wilhelmshaven f\u00fcr Demokratie und gegen Rechtsextremismus&#8221; rufen verschiedene Organisationen und Initiativen zur Teilnahme an einer Kundgebung am Sonnabend, 20. Januar, 12 Uhr, auf dem Valoisplatz in Wilhelmshaven auf.<\/p>\n<p>Anlass ist laut Initiatoren die Zunahme antisemitischer \u00dcbergriffe sowie die aktuellen Zustimmungszahlen zu rechtsextremen Positionen und die j\u00fcngst bekanntgewordenen Recherchen zur Planung der Deportation von Millionen Menschen mit Migrationshintergrund aus Deutschland.<\/p>\n<p>Hauptreden halten der Landtagsabgeordnete Marten G\u00e4de (Wilhelmshaven), Landrat Sven Ambrosy (Landkreis Friesland), der Gastronom Ali Kara-Ali, Kreispfarrer Christian Scheuer (Kirchenkreis Friesland-Wilhelmshaven), Heide Gr\u00fcnefeld (Diakonie) und Michael Diers (Gesch\u00e4ftsf\u00fchrung Wilhelmshaven Touristik &amp; Freizeit GmbH). Gru\u00dfworte sprechen Anke Hieronymus (CSD Wilhelmshaven) und Kreistagsmitglied Martina Esser (B\u00fcndnis 90\/DIE GR\u00dcNEN).<\/p>\n<p>Zur Teilnahme an der Kundgebung rufen auf (Stand 17.1.):<br \/>\n\u2022&nbsp;&nbsp; &nbsp;Ev.-luth. Kirchenkreis Friesland-Wilhelmshaven<br \/>\n\u2022&nbsp;&nbsp; &nbsp;SPD Wilhelmshaven (Kreisverband und Fraktion im Rat der Stadt)<br \/>\n\u2022&nbsp;&nbsp; &nbsp;SPD Friesland (Kreisverband)<br \/>\n\u2022&nbsp;&nbsp; &nbsp;SPD Schortens (Stadtratsfraktion und Ortsverein)<br \/>\n\u2022&nbsp;&nbsp; &nbsp;CDU (Kreisverband und Fraktion im Rat der Stadt)<br \/>\n\u2022&nbsp;&nbsp; &nbsp;CSD Wilhelmshaven<br \/>\n\u2022&nbsp;&nbsp; &nbsp;Gruppe GfW und Gr\u00fcne im Rat der Stadt Wilhelmshaven<br \/>\n\u2022&nbsp;&nbsp; &nbsp;Kreisverband B\u00fcndnis 90\/DIE GR\u00dcNEN<br \/>\n\u2022&nbsp;&nbsp; &nbsp;Ratsgruppe \u201eDIE BUNTEN\u201c im Rat der Stadt Wilhelmshaven<br \/>\n\u2022&nbsp;&nbsp; &nbsp;NABU Wilhelmshaven<br \/>\n\u2022&nbsp;&nbsp; &nbsp;B\u00fcndnis gegen Rechts, Wilhelmshaven<br \/>\n\u2022&nbsp;&nbsp; &nbsp;Rogate-Kloster Sankt Michael zu Berlin<\/p>\n<p>Aktuell wird mit etwa 1.000 Teilnehmenden an der Kundgebung gerechnet. Organisiert wird die Kundgebung von Br. Franziskus und Florian Wiese, beide geh\u00f6ren zum Rogate-Kloster.<br \/>\n&nbsp;<\/p>\n<p>Kirche-Oldenburg<br \/>\n<a href=\"https:\/\/www.kirche-oldenburg.de\/\/aktuell\/aus-den-kirchenkreisen\/artikel\/kundgebung-fuer-demokratie-und-gegen-rechtsextremismus-in-wilhelmshaven\" target=\"_blank\" rel=\"noopener\">Kundgebung f\u00fcr Demokratie und gegen Rechtsextremismus in Wilhelmshaven<\/a><\/p>\n","protected":false},"excerpt":{"rendered":"<p>Mit einem Zitat von Margot Friedl\u00e4nder &#8220;So hat es damals auch angefangen. \u2013 Friesland und Wilhelmshaven f\u00fcr Demokratie und gegen Rechtsextremismus&#8221; rufen verschiedene Organisationen und Initiativen zur Teilnahme an einer Kundgebung am Sonnabend, 20. Januar, 12 Uhr, auf dem Valoisplatz in Wilhelmshaven auf. Anlass ist laut Initiatoren die Zunahme antisemitischer \u00dcbergriffe sowie die aktuellen Zustimmungszahlen zu rechtsextremen Positionen und die j\u00fcngst bekanntgewordenen Recherchen zur Planung der Deportation von Millionen Menschen mit Migrationshintergrund aus Deutschland. Hauptreden halten der Landtagsabgeordnete Marten G\u00e4de (Wilhelmshaven), Landrat Sven Ambrosy (Landkreis Friesland), der Gastronom Ali Kara-Ali, Kreispfarrer Christian Scheuer (Kirchenkreis Friesland-Wilhelmshaven), Heide Gr\u00fcnefeld (Diakonie) und Michael&#8230;<\/p>\n","protected":false},"author":7,"featured_media":0,"comment_status":"false","ping_status":"open","sticky":false,"template":"","format":"standard","meta":{"footnotes":""},"categories":[43],"tags":[44],"class_list":["post-26247","post","type-post","status-publish","format-standard","hentry","category-kirche-oldenburg","tag-kirche-oldenburg"],"_links":{"self":[{"href":"https:\/\/christusnews.de\/site\/wp-json\/wp\/v2\/posts\/26247","targetHints":{"allow":["GET"]}}],"collection":[{"href":"https:\/\/christusnews.de\/site\/wp-json\/wp\/v2\/posts"}],"about":[{"href":"https:\/\/christusnews.de\/site\/wp-json\/wp\/v2\/types\/post"}],"author":[{"embeddable":true,"href":"https:\/\/christusnews.de\/site\/wp-json\/wp\/v2\/users\/7"}],"replies":[{"embeddable":true,"href":"https:\/\/christusnews.de\/site\/wp-json\/wp\/v2\/comments?post=26247"}],"version-history":[{"count":1,"href":"https:\/\/christusnews.de\/site\/wp-json\/wp\/v2\/posts\/26247\/revisions"}],"predecessor-version":[{"id":26248,"href":"https:\/\/christusnews.de\/site\/wp-json\/wp\/v2\/posts\/26247\/revisions\/26248"}],"wp:attachment":[{"href":"https:\/\/christusnews.de\/site\/wp-json\/wp\/v2\/media?parent=26247"}],"wp:term":[{"taxonomy":"category","embeddable":true,"href":"https:\/\/christusnews.de\/site\/wp-json\/wp\/v2\/categories?post=26247"},{"taxonomy":"post_tag","embeddable":true,"href":"https:\/\/christusnews.de\/site\/wp-json\/wp\/v2\/tags?post=26247"}],"curies":[{"name":"wp","href":"https:\/\/api.w.org\/{rel}","templated":true}]}}