{"id":26253,"date":"2024-01-20T22:11:00","date_gmt":"2024-01-20T21:11:00","guid":{"rendered":"https:\/\/christusnews.de\/site\/rund-17-000-menschen-bei-kundgebung-gegen-rechtsextremismus-in-oldenburg\/"},"modified":"2024-01-22T10:17:41","modified_gmt":"2024-01-22T09:17:41","slug":"rund-17-000-menschen-bei-kundgebung-gegen-rechtsextremismus-in-oldenburg","status":"publish","type":"post","link":"https:\/\/christusnews.de\/site\/rund-17-000-menschen-bei-kundgebung-gegen-rechtsextremismus-in-oldenburg\/","title":{"rendered":"Rund 17.000 Menschen bei Kundgebung gegen Rechtsextremismus in Oldenburg"},"content":{"rendered":"<p>Unter dem Motto: \u201eAlle auf die Stra\u00dfe! \u2013 Kundgebung gegen Rechtsextremismus\u201c demonstrierten am Samstag, 20. Januar, rund 17.000 Menschen in Oldenburg gegen den zunehmenden Rechtsextremismus in Deutschland. Aufgerufen zu der Kundgebung auf dem Oldenburger Schlosspatz hatte ein B\u00fcndnis aus Kirchen, Gewerkschaften, Vereinen, Institutionen und Parteien.&nbsp;<\/p>\n<p>An der Kundgebung nahmen auch teil Bischof Thomas Adomeit, der Oldenburger Oberb\u00fcrgermeister J\u00fcrgen Krogmann und Polizeipr\u00e4sident Johann K\u00fchme.<\/p>\n<p>Als Vertreterin der Ev.-Luth. Kirche in Oldenburg betonte die Oldenburger Pfarrerin Anja Kramer in ihrer Rede auf der Kundgebung, sie stehe im Namen der oldenburgischen Kirche f\u00fcr eine solidarische, weltoffene und bunte Gesellschaft. \u201eEs ist h\u00f6chste Zeit, die Stimme zu erheben, einzustehen f\u00fcr ein vielf\u00e4ltiges, demokratisches Deutschland in einem weltoffenen Europa, in einer gerechten Welt\u201c, so die Diakoniepfarrerin der Ev.-luth. Kirchenkreises Oldenburg Stadt.<\/p>\n<p>Weiterhin sagte Kramer: \u201eWir als Kirchen sind selbstverst\u00e4ndlich dabei. Denn christlicher Glaube fragt nicht danach, welche Nationalit\u00e4t oder Herkunft jemand hat, welches Geschlecht: christlicher Glaube eint gerade unterschiedliche Menschen. Wir als Kirchen stellen uns deutlich gegen Antisemitismus und Islamfeindlichkeit; wir stehen Hand in Hand mit j\u00fcdischen und muslimischen Menschen in Deutschland. Wir stehen f\u00fcr den Schutz von Gefl\u00fcchteten und praktizieren den auch aktiv. Wir stellen uns gegen jede Form von Rassismus.\u201c<\/p>\n<p>Es sei h\u00f6chste Zeit, die Stimme zu erheben, wenn das Gedankengut der AfD Einzug halte in die Programme der anderen Parteien, so Pfarrerin Kramer. Man k\u00f6nne die v\u00f6lkische und rassistische Politik der AfD nicht bek\u00e4mpfen, indem man selber europaweit eine unmenschliche Gesetzgebung gegen Menschen auf der Flucht installiere. \u201eMan betreibt das Gesch\u00e4ft der AfD, wenn man Schutzsuchenden bei uns das Leben so schwer wie nur m\u00f6glich macht. Man spielt ihr in die Karten, wenn Zugewanderten und selbst ihren Nachkommen immer wieder das Gef\u00fchl gegeben wird, nicht dazuzugeh\u00f6ren. Eine solche Politik, die zwischen Alt-Eingesessenen und Neu-Hinzugekommenen unterscheidet und verschiedene Teile der Bev\u00f6lkerung gegeneinander ausspielt, bedroht das Fundament unserer Gesellschaft. Eine solche Politik richtet sich gegen unsere gemeinsamen Grundwerte und wird der AfD nur nutzen\u201c, sagte Kramer.&nbsp;<\/p>\n<p>\u201eMenschenrechte \u00fcberzeugen, wenn wir sie leben und verteidigen. Gerade jetzt m\u00fcssen wir f\u00fcr sie eintreten. Hier und heute. Es kommt auf uns alle an: bei Diskussionen in der Schule, im Kolleg*innenkreis, in der Familie oder im Gespr\u00e4ch mit Freund*innen, im Netz. Es darf uns eben nicht egal sein, wenn Menschen wegen ihrer Herkunft, ihrer religi\u00f6sen oder sexuellen Orientierung ausgegrenzt werden, es darf uns nicht egal sein, wenn menschenverachtende Politik salonf\u00e4hig wird. Es kommt auf uns alle an. Jetzt!\u201c, betonte Kramer.&nbsp;<\/p>\n<p>\u201eDie Enth\u00fcllungen von Correctiv haben wieder einmal vor Augen gef\u00fchrt, welch menschenfeindliche und extremistische Ziele die AfD verfolgt. Das Geheimtreffen von AfD-Politikern, Neonazis und Unternehmern in einer Villa bei Potsdam zeigt deutlich, dass sich rechtsextreme Netzwerke neu formieren\u201c, so der Aufruf des B\u00fcndnisses im Vorfeld der Kundgebung.<\/p>\n<p>In seinem Aufruf betonte das B\u00fcndnis weiter: \u201eMillionen Menschen mit Migrationsgeschichte sollen demnach aus Deutschland vertrieben und deportiert werden. Diese zunehmend extremistischen und menschenverachtenden Kr\u00e4fte spalten, wo sie nur k\u00f6nnen, und sind die gr\u00f6\u00dfte Gefahr f\u00fcr Frieden und unsere Demokratie. Die Enth\u00fcllung kommt zu einem Zeitpunkt, in der die AfD mit ihren rechtpopulistischen und -extremen Positionen auf immer h\u00f6here Umfragergebnisse kommt. Das politische Klima in Deutschland verroht immer mehr. Zuletzt sahen wir das, als von Rechten unterwanderte Protestierende Bundesminister Robert Habeck auf einer privaten Reise auf einer F\u00e4hre massiv bedrohten. Dies ist nur ein Beispiel daf\u00fcr, wie die Gewaltphantasien gegen Politiker*innen in AfD-nahen Facebookgruppen ihren Weg ins reale Leben finden und demokratisches Miteinander gef\u00e4hrden.&nbsp;Es ist an der Zeit, als Gesellschaft aufzustehen. Wir zeigen uns solidarisch mit marginalisierten Gruppen und Opfern rechter Gewalt. Jetzt m\u00fcssen wir ein starkes Signal aus der Mitte der Gesellschaft gegen Rassismus und Antisemitismus setzen. Gegen rechte Hetze und Spaltung!\u201c<\/p>\n<p>Das B\u00fcndnis aus vielen Gewerkschaften, Vereinen, Institutionen, Kirchen und Parteien wollte auf dem Schlossplatz in Oldenburg ein starkes Zeichen f\u00fcr Solidarit\u00e4t und unsere Demokratie setzen.&nbsp;<\/p>\n<p>\u201eWir stehen ein f\u00fcr ein weltoffenes, buntes und menschenfreundliches Oldenburg. Gegen Rechtsextremismus und gegen eine R\u00fcckkehr in dunkelste Zeiten unserer Geschichte\u201c, so das B\u00fcndnis.<br \/>\n&nbsp;<\/p>\n<p>Kirche-Oldenburg<br \/>\n<a href=\"https:\/\/www.kirche-oldenburg.de\/\/aktuell\/pressemitteilungen\/artikel\/rund-17000-menschen-bei-kundgebung-gegen-rechtsextremismus-in-oldenburg\" target=\"_blank\" rel=\"noopener\">Rund 17.000 Menschen bei Kundgebung gegen Rechtsextremismus in Oldenburg<\/a><\/p>\n","protected":false},"excerpt":{"rendered":"<p>Unter dem Motto: \u201eAlle auf die Stra\u00dfe! \u2013 Kundgebung gegen Rechtsextremismus\u201c demonstrierten am Samstag, 20. Januar, rund 17.000 Menschen in Oldenburg gegen den zunehmenden Rechtsextremismus in Deutschland. Aufgerufen zu der Kundgebung auf dem Oldenburger Schlosspatz hatte ein B\u00fcndnis aus Kirchen, Gewerkschaften, Vereinen, Institutionen und Parteien.&nbsp; An der Kundgebung nahmen auch teil Bischof Thomas Adomeit, der Oldenburger Oberb\u00fcrgermeister J\u00fcrgen Krogmann und Polizeipr\u00e4sident Johann K\u00fchme. Als Vertreterin der Ev.-Luth. Kirche in Oldenburg betonte die Oldenburger Pfarrerin Anja Kramer in ihrer Rede auf der Kundgebung, sie stehe im Namen der oldenburgischen Kirche f\u00fcr eine solidarische, weltoffene und bunte Gesellschaft. \u201eEs ist h\u00f6chste Zeit,&#8230;<\/p>\n","protected":false},"author":7,"featured_media":0,"comment_status":"false","ping_status":"open","sticky":false,"template":"","format":"standard","meta":{"footnotes":""},"categories":[43],"tags":[44],"class_list":["post-26253","post","type-post","status-publish","format-standard","hentry","category-kirche-oldenburg","tag-kirche-oldenburg"],"_links":{"self":[{"href":"https:\/\/christusnews.de\/site\/wp-json\/wp\/v2\/posts\/26253","targetHints":{"allow":["GET"]}}],"collection":[{"href":"https:\/\/christusnews.de\/site\/wp-json\/wp\/v2\/posts"}],"about":[{"href":"https:\/\/christusnews.de\/site\/wp-json\/wp\/v2\/types\/post"}],"author":[{"embeddable":true,"href":"https:\/\/christusnews.de\/site\/wp-json\/wp\/v2\/users\/7"}],"replies":[{"embeddable":true,"href":"https:\/\/christusnews.de\/site\/wp-json\/wp\/v2\/comments?post=26253"}],"version-history":[{"count":1,"href":"https:\/\/christusnews.de\/site\/wp-json\/wp\/v2\/posts\/26253\/revisions"}],"predecessor-version":[{"id":26254,"href":"https:\/\/christusnews.de\/site\/wp-json\/wp\/v2\/posts\/26253\/revisions\/26254"}],"wp:attachment":[{"href":"https:\/\/christusnews.de\/site\/wp-json\/wp\/v2\/media?parent=26253"}],"wp:term":[{"taxonomy":"category","embeddable":true,"href":"https:\/\/christusnews.de\/site\/wp-json\/wp\/v2\/categories?post=26253"},{"taxonomy":"post_tag","embeddable":true,"href":"https:\/\/christusnews.de\/site\/wp-json\/wp\/v2\/tags?post=26253"}],"curies":[{"name":"wp","href":"https:\/\/api.w.org\/{rel}","templated":true}]}}