{"id":26261,"date":"2024-01-21T09:27:00","date_gmt":"2024-01-21T08:27:00","guid":{"rendered":"https:\/\/christusnews.de\/site\/zehntausende-demonstrieren-in-niedersachsen-gegen-rechtsextremismus\/"},"modified":"2024-01-23T10:17:30","modified_gmt":"2024-01-23T09:17:30","slug":"zehntausende-demonstrieren-in-niedersachsen-gegen-rechtsextremismus","status":"publish","type":"post","link":"https:\/\/christusnews.de\/site\/zehntausende-demonstrieren-in-niedersachsen-gegen-rechtsextremismus\/","title":{"rendered":"Zehntausende demonstrieren in Niedersachsen gegen Rechtsextremismus"},"content":{"rendered":"<p class=\"MsoPlainText\">Hannover (epd). Zehntausende Menschen haben am Sonnabend in vielen St\u00e4dten Niedersachsens gegen Rechtsextremismus und f\u00fcr die Demokratie demonstriert. Allein in Hannover kamen nach Polizeiangaben rund 35.000 Menschen auf dem zentralen Opernplatz zusammen. Niedersachsens Ministerpr\u00e4sident Stephan Weil (SPD) lobte das gro\u00dfe zivilgesellschaftliche Engagement. \u00abDas, was ihr hier zeigt, ist gelebter Verfassungsschutz\u00bb, rief er der Menschenmasse in der nieders\u00e4chsischen Landeshauptstadt zu. Ein breites B\u00fcndnis aus Gewerkschaften, Kirchen, Wohlfahrtsverb\u00e4nden und Parteien hatte zu der Kundgebung aufgerufen.<\/p>\n<p class=\"MsoPlainText\">&nbsp;<\/p>\n<p class=\"MsoPlainText\">In Braunschweig kamen nach Polizeisch\u00e4tzungen rund 15.000 auf den Schlossplatz, der veranstaltende Stadtsch\u00fclerrat sprach von 20.000 Personen. Dort betonte der braunschweigische Landesbischof Christoph Meyns, Rassismus, Nationalismus, Antisemitismus und Hetze seien mit dem christlichen Glauben nicht vereinbar. \u00abDeshalb protestieren wir, wenn Pl\u00e4ne geschmiedet werden, um Menschen zu deportieren wie in den finstersten Zeiten der deutschen Geschichte.\u00bb<\/p>\n<p class=\"MsoPlainText\">&nbsp;<\/p>\n<p class=\"MsoPlainText\">In Oldenburg z\u00e4hlte die Polizei bei zwei Kundgebungen mindestens&nbsp;7.000 Teilnehmende, in Wilhelmshaven waren es 2.500, in Emden 2.000.&nbsp;Vor der Celler Congress Union versammelten laut Polizei 4.500 Menschen, auf den Herzogenplatz in Uelzen kamen 1.100 Menschen. Zu zwei weiteren Kundgebungen in L\u00fcneburg kamen nach Z\u00e4hlungen der Polizei 5.000 Menschen.<\/p>\n<p class=\"MsoPlainText\">&nbsp;<\/p>\n<p class=\"MsoPlainText\">In Hannover unterstrich Ministerpr\u00e4sident Weil, die AfD und die Rechtsextremen versch\u00f6ben die Grenzen des Sag- und Denkbaren nach rechts, wenn sie etwa von \u00abRemigration\u00bb spr\u00e4chen. Umso wichtiger seien deutliche Zeichen. \u00abMigrantinnen und Migranten, seien sie kurz hier oder auch in der vierten Generation, sie alle sind Teil unserer Gemeinschaft.\u00bb<\/p>\n<p class=\"MsoPlainText\">&nbsp;<\/p>\n<p class=\"MsoPlainText\">Der ehemalige Bundespr\u00e4sident Christian Wulff (CDU) erinnerte an die Wannseekonferenz am 20. Januar 1942. Sie sei ein Symbol f\u00fcr die geplante und systematisierte T\u00f6tung der Juden Europas. \u00abDie Wannsee-Villa wurde zum Ort deutscher Schande\u00bb, sagte er. \u00abWir d\u00fcrfen nie wieder zulassen, dass in Deutschland \u00fcber die Selektion von Menschen nach Herkunft, Aussehen, Religion, Handicap oder irgendeines anderen Kriteriums beraten wird.\u00bb<\/p>\n<p class=\"MsoPlainText\">&nbsp;<\/p>\n<p class=\"MsoPlainText\">Der hannoversche evangelische Landesbischof Ralf Meister sagte, \u00abDemokratie verlangt viel. Weil es Menschen gibt, die diese beste Staatsform der Welt nutzen, um sie zu missbrauchen.\u00bb Es sei wichtig, die Demokratie zu verteidigen und sich f\u00fcr sie einzusetzen. Wer dagegen anderen Menschen Rechte abspreche, von v\u00f6lkischem Mythos fasele und das Parlament zur \u00abP\u00f6belstube\u00bb mache, sei ein \u00abdemokratischer Verr\u00e4ter!\u00bb<\/p>\n<p class=\"MsoPlainText\">&nbsp;<\/p>\n<p class=\"MsoPlainText\">Bereits am vergangenen Wochenende waren bundesweit Zehntausende Menschen auf die Stra\u00dfe gegangen. Weitere Demonstrationen sind geplant, unter anderem am Sonntag in Bremen und G\u00f6ttingen.<\/p>\n<p>Kirche-Oldenburg<br \/>\n<a href=\"https:\/\/www.kirche-oldenburg.de\/\/aktuell\/news-niedersachsen\/artikel\/zehntausende-demonstrieren-in-niedersachsen-gegen-rechtsextremismus\" target=\"_blank\" rel=\"noopener\">Zehntausende demonstrieren in Niedersachsen gegen Rechtsextremismus<\/a><\/p>\n","protected":false},"excerpt":{"rendered":"<p>Hannover (epd). Zehntausende Menschen haben am Sonnabend in vielen St\u00e4dten Niedersachsens gegen Rechtsextremismus und f\u00fcr die Demokratie demonstriert. Allein in Hannover kamen nach Polizeiangaben rund 35.000 Menschen auf dem zentralen Opernplatz zusammen. Niedersachsens Ministerpr\u00e4sident Stephan Weil (SPD) lobte das gro\u00dfe zivilgesellschaftliche Engagement. \u00abDas, was ihr hier zeigt, ist gelebter Verfassungsschutz\u00bb, rief er der Menschenmasse in der nieders\u00e4chsischen Landeshauptstadt zu. Ein breites B\u00fcndnis aus Gewerkschaften, Kirchen, Wohlfahrtsverb\u00e4nden und Parteien hatte zu der Kundgebung aufgerufen. &nbsp; In Braunschweig kamen nach Polizeisch\u00e4tzungen rund 15.000 auf den Schlossplatz, der veranstaltende Stadtsch\u00fclerrat sprach von 20.000 Personen. Dort betonte der braunschweigische Landesbischof Christoph Meyns, Rassismus, Nationalismus,&#8230;<\/p>\n","protected":false},"author":7,"featured_media":0,"comment_status":"false","ping_status":"open","sticky":false,"template":"","format":"standard","meta":{"footnotes":""},"categories":[43],"tags":[44],"class_list":["post-26261","post","type-post","status-publish","format-standard","hentry","category-kirche-oldenburg","tag-kirche-oldenburg"],"_links":{"self":[{"href":"https:\/\/christusnews.de\/site\/wp-json\/wp\/v2\/posts\/26261","targetHints":{"allow":["GET"]}}],"collection":[{"href":"https:\/\/christusnews.de\/site\/wp-json\/wp\/v2\/posts"}],"about":[{"href":"https:\/\/christusnews.de\/site\/wp-json\/wp\/v2\/types\/post"}],"author":[{"embeddable":true,"href":"https:\/\/christusnews.de\/site\/wp-json\/wp\/v2\/users\/7"}],"replies":[{"embeddable":true,"href":"https:\/\/christusnews.de\/site\/wp-json\/wp\/v2\/comments?post=26261"}],"version-history":[{"count":1,"href":"https:\/\/christusnews.de\/site\/wp-json\/wp\/v2\/posts\/26261\/revisions"}],"predecessor-version":[{"id":26262,"href":"https:\/\/christusnews.de\/site\/wp-json\/wp\/v2\/posts\/26261\/revisions\/26262"}],"wp:attachment":[{"href":"https:\/\/christusnews.de\/site\/wp-json\/wp\/v2\/media?parent=26261"}],"wp:term":[{"taxonomy":"category","embeddable":true,"href":"https:\/\/christusnews.de\/site\/wp-json\/wp\/v2\/categories?post=26261"},{"taxonomy":"post_tag","embeddable":true,"href":"https:\/\/christusnews.de\/site\/wp-json\/wp\/v2\/tags?post=26261"}],"curies":[{"name":"wp","href":"https:\/\/api.w.org\/{rel}","templated":true}]}}