{"id":26263,"date":"2024-01-21T09:26:00","date_gmt":"2024-01-21T08:26:00","guid":{"rendered":"https:\/\/christusnews.de\/site\/bischof-meyns-kirche-steht-ein-fuer-die-freiheitliche-grundordnung-rund-15-000-demonstrieren-in-braunschweig-gegen-rechtsextremismus\/"},"modified":"2024-01-23T10:17:30","modified_gmt":"2024-01-23T09:17:30","slug":"bischof-meyns-kirche-steht-ein-fuer-die-freiheitliche-grundordnung-rund-15-000-demonstrieren-in-braunschweig-gegen-rechtsextremismus","status":"publish","type":"post","link":"https:\/\/christusnews.de\/site\/bischof-meyns-kirche-steht-ein-fuer-die-freiheitliche-grundordnung-rund-15-000-demonstrieren-in-braunschweig-gegen-rechtsextremismus\/","title":{"rendered":"Bischof Meyns: Kirche steht ein f\u00fcr die freiheitliche Grundordnung &#8211; Rund 15.000 demonstrieren in Braunschweig gegen Rechtsextremismus"},"content":{"rendered":"<p class=\"MsoPlainText\">Braunschweig (epd). Unter dem Motto \u00abKein Fu\u00dfbreit dem Faschismus &#8211; nie wieder ist jetzt!\u00bb haben am Sonnabend in Braunschweig nach Polizeiangaben rund 15.000 Menschen gegen wachsenden Rechtsextremismus und die AfD demonstriert. Die Organisatoren unter Federf\u00fchrung des Stadtsch\u00fclerrates hatten gegen die \u00abfaschistischen Deportationspl\u00e4ne von AfD und Werteunion\u00bb mobil gemacht. Unter den Rednern war neben anderen der Landesbischof der Evangelisch-lutherischen Landeskirche in Braunschweig, Christoph Meyns.<\/p>\n<p class=\"MsoPlainText\">&nbsp;<\/p>\n<p class=\"MsoPlainText\">Der Bischof betonte, Rassismus, Nationalismus, Antisemitismus und Hetze seien mit dem christlichen Glauben nicht vereinbar. \u00abDeshalb protestieren wir, wenn Pl\u00e4ne geschmiedet werden, um Menschen zu deportieren wie in den finstersten Zeiten der deutschen Geschichte.\u00bb Die Kirche setzte sich f\u00fcr die freiheitlich-demokratische Grundordnung ein und stehe damit f\u00fcr die Achtung der Menschenw\u00fcrde ohne Ansehen von Herkunft, Hautfarbe, Geschlecht, sexueller Orientierung oder Religionszugeh\u00f6rigkeit, unterstrich Meyns.<\/p>\n<p class=\"MsoPlainText\">&nbsp;<\/p>\n<p class=\"MsoPlainText\">Anlass f\u00fcr die Demonstration waren wie an vielen Orten die Recherchen des Netzwerks \u00abCorrectiv\u00bb \u00fcber ein Geheimtreffen von AfD-Politikern, Neonazis und Unternehmern, die gemeinsam Pl\u00e4ne zur Deportation von Millionen Menschen mit Migrationsgeschichte diskutiert haben sollen.<\/p>\n<p>Kirche-Oldenburg<br \/>\n<a href=\"https:\/\/www.kirche-oldenburg.de\/\/aktuell\/news-niedersachsen\/artikel\/bischof-meyns-kirche-steht-ein-fuer-die-freiheitliche-grundordnung-rund-15000-demonstrieren-in-braunschweig-gegen-rechtsextremismus\" target=\"_blank\" rel=\"noopener\">Bischof Meyns: Kirche steht ein f\u00fcr die freiheitliche Grundordnung &#8211; Rund 15.000 demonstrieren in Braunschweig gegen Rechtsextremismus<\/a><\/p>\n","protected":false},"excerpt":{"rendered":"<p>Braunschweig (epd). Unter dem Motto \u00abKein Fu\u00dfbreit dem Faschismus &#8211; nie wieder ist jetzt!\u00bb haben am Sonnabend in Braunschweig nach Polizeiangaben rund 15.000 Menschen gegen wachsenden Rechtsextremismus und die AfD demonstriert. Die Organisatoren unter Federf\u00fchrung des Stadtsch\u00fclerrates hatten gegen die \u00abfaschistischen Deportationspl\u00e4ne von AfD und Werteunion\u00bb mobil gemacht. Unter den Rednern war neben anderen der Landesbischof der Evangelisch-lutherischen Landeskirche in Braunschweig, Christoph Meyns. &nbsp; Der Bischof betonte, Rassismus, Nationalismus, Antisemitismus und Hetze seien mit dem christlichen Glauben nicht vereinbar. \u00abDeshalb protestieren wir, wenn Pl\u00e4ne geschmiedet werden, um Menschen zu deportieren wie in den finstersten Zeiten der deutschen Geschichte.\u00bb Die Kirche&#8230;<\/p>\n","protected":false},"author":7,"featured_media":0,"comment_status":"false","ping_status":"open","sticky":false,"template":"","format":"standard","meta":{"footnotes":""},"categories":[43],"tags":[44],"class_list":["post-26263","post","type-post","status-publish","format-standard","hentry","category-kirche-oldenburg","tag-kirche-oldenburg"],"_links":{"self":[{"href":"https:\/\/christusnews.de\/site\/wp-json\/wp\/v2\/posts\/26263","targetHints":{"allow":["GET"]}}],"collection":[{"href":"https:\/\/christusnews.de\/site\/wp-json\/wp\/v2\/posts"}],"about":[{"href":"https:\/\/christusnews.de\/site\/wp-json\/wp\/v2\/types\/post"}],"author":[{"embeddable":true,"href":"https:\/\/christusnews.de\/site\/wp-json\/wp\/v2\/users\/7"}],"replies":[{"embeddable":true,"href":"https:\/\/christusnews.de\/site\/wp-json\/wp\/v2\/comments?post=26263"}],"version-history":[{"count":1,"href":"https:\/\/christusnews.de\/site\/wp-json\/wp\/v2\/posts\/26263\/revisions"}],"predecessor-version":[{"id":26264,"href":"https:\/\/christusnews.de\/site\/wp-json\/wp\/v2\/posts\/26263\/revisions\/26264"}],"wp:attachment":[{"href":"https:\/\/christusnews.de\/site\/wp-json\/wp\/v2\/media?parent=26263"}],"wp:term":[{"taxonomy":"category","embeddable":true,"href":"https:\/\/christusnews.de\/site\/wp-json\/wp\/v2\/categories?post=26263"},{"taxonomy":"post_tag","embeddable":true,"href":"https:\/\/christusnews.de\/site\/wp-json\/wp\/v2\/tags?post=26263"}],"curies":[{"name":"wp","href":"https:\/\/api.w.org\/{rel}","templated":true}]}}