{"id":26265,"date":"2024-01-20T09:23:00","date_gmt":"2024-01-20T08:23:00","guid":{"rendered":"https:\/\/christusnews.de\/site\/besucherzahlen-von-gedenkstaetten-sind-wieder-angestiegen-gedenkstaette-bergen-belsen-mehr-schmaehungen-seit-hamas-ueberfall\/"},"modified":"2024-01-23T10:17:31","modified_gmt":"2024-01-23T09:17:31","slug":"besucherzahlen-von-gedenkstaetten-sind-wieder-angestiegen-gedenkstaette-bergen-belsen-mehr-schmaehungen-seit-hamas-ueberfall","status":"publish","type":"post","link":"https:\/\/christusnews.de\/site\/besucherzahlen-von-gedenkstaetten-sind-wieder-angestiegen-gedenkstaette-bergen-belsen-mehr-schmaehungen-seit-hamas-ueberfall\/","title":{"rendered":"Besucherzahlen von Gedenkst\u00e4tten sind wieder angestiegen &#8211; Gedenkst\u00e4tte Bergen-Belsen: Mehr Schm\u00e4hungen seit Hamas-\u00dcberfall"},"content":{"rendered":"<p class=\"MsoPlainText\">Bergen-Belsen\/Bremen (epd). Die Zahl der Besucher in den NS-Gedenkst\u00e4tten in Niedersachsen und Bremen ist im vergangenen Jahr wieder deutlich angestiegen. Wie eine Umfrage des Evangelischen Pressedienstes (epd) unter den Einrichtungen ergab, besuchten 2023 mehr Menschen Gedenkst\u00e4tten, die an die Verbrechen und Opfer des Nationalsozialismus erinnern, als im Vorjahr, in dem es zumindest in den ersten Monaten noch Corona-Beschr\u00e4nkungen gab. Dabei wurde teilweise wieder das Niveau der Besucherzahlen aus dem Vor-Corona-Jahr 2019 erreicht. Zudem berichteten einige Gedenkst\u00e4tten von einer Zunahme antisemitischer \u00dcbergriffe seit dem Angriff der Terrormiliz Hamas auf Israel am 7. Oktober.<\/p>\n<p class=\"MsoPlainText\">&nbsp;<\/p>\n<p class=\"MsoPlainText\">So verzeichnete die KZ-Gedenkst\u00e4tte Bergen-Belsen bei Celle seit Oktober vermehrt israelfeindliche Kommentare in ihrem G\u00e4stebuch und den sozialen Medien. \u00abSeit dem \u00dcberfall der Hamas kamen Schmierereien nahezu t\u00e4glich vor\u00bb, sagte Sprecherin Stephanie Billib. Dabei handle es sich unter anderem um Solidarit\u00e4tsbekundungen mit der pal\u00e4stinensischen Bev\u00f6lkerung oder \u00c4u\u00dferungen gegen Israel.<\/p>\n<p class=\"MsoPlainText\">&nbsp;<\/p>\n<p class=\"MsoPlainText\">Nach dem \u00dcberfall der Hamas sei die Gedenkst\u00e4tte vermehrt im Austausch mit der Polizei, dabei sei eine punktuell h\u00f6here Polizeipr\u00e4senz sei vereinbart worden. Bereits im August habe die Polizei infolge von Fensterw\u00fcrfen auf das Geb\u00e4ude der Stiftung nieders\u00e4chsische Gedenkst\u00e4tten mehr Pr\u00e4senz gezeigt.<\/p>\n<p class=\"MsoPlainText\">&nbsp;<\/p>\n<p class=\"MsoPlainText\">Auf dem Gel\u00e4nde der Gedenkst\u00e4tte Ahlem in Hannover gab es 2023 gleich drei Vorf\u00e4lle mit extremistisch politischem Hintergrund, wie Frauke Bittner von der Region Hannover sagte. Es seien Kr\u00e4nze zerst\u00f6rt worden, und es habe Schmierereien und Sticker mit nationalsozialistischen und antisemitischen Parolen gegeben. Ende Oktober seien Sticker mit Parolen wie \u00abBefreie dich vom Schult-Kult\u00bb und \u00abIsrael mordet und die Welt schaut zu\u00bb im Eingangsbereich, den Ausstellungsfl\u00e4chen im Au\u00dfengel\u00e4nde und an der Fassade der Gedenkst\u00e4tte gefunden worden. Alle Vorf\u00e4lle seien zur Anzeige gebracht worden.<\/p>\n<p class=\"MsoPlainText\">&nbsp;<\/p>\n<p class=\"MsoPlainText\">Die Besucherzahlen der Gedenkst\u00e4tten zogen im vergangenen Jahr wieder sp\u00fcrbar an. In Bergen-Belsen lagen sie 2023 nach Hochrechnungen der Gedenkst\u00e4tte bei rund 215.000 Menschen. Im Vorjahr waren es nach vorherigen Einbr\u00fcchen wegen der Corona-Pandemie rund 195.000 Menschen. In Bergen-Belsen starben mehr als 52.000 KZ-H\u00e4ftlinge und rund 20.000 Kriegsgefangene, unter ihnen das j\u00fcdische M\u00e4dchen Anne Frank, deren Tagebuch weltbekannt wurde.<\/p>\n<p class=\"MsoPlainText\">&nbsp;<\/p>\n<p class=\"MsoPlainText\">Die Gedenkst\u00e4tte Esterwegen, die auf dem Gel\u00e4nde des fr\u00fcheren Konzentrationslagers an die Opfer von insgesamt 15 Lagern im Emsland erinnert, verzeichnete 2023 rund 23.000 Besucherinnen und Besucher. Davon waren rund 8.440 Sch\u00fclerinnen und Sch\u00fcler aus knapp 370 Schulklassen, wie die Sprecherin des Landkreises Emsland, Anja Rohde, sagte. 2022 wurden rund 19.000 G\u00e4ste gez\u00e4hlt<\/p>\n<p class=\"MsoPlainText\">&nbsp;<\/p>\n<p class=\"MsoPlainText\">Den Gedenkort Bunker \u00abValentin\u00bb in Bremen besichtigten 2023 rund&nbsp;31.000 Menschen im Vergleich zu 24.000 im Jahr 2022, wie der wissenschaftliche Leiter Marcus Meyer sagte. Der von Tausenden Zwangsarbeitern errichtete Bunker erinnert an den R\u00fcstungswahn des NS-Regimes und die nationalsozialistischen Pl\u00e4ne zur Vernichtung durch Arbeit.<\/p>\n<p class=\"MsoPlainText\">&nbsp;<\/p>\n<p class=\"MsoPlainText\">Bei der Gedenkst\u00e4tte Ahlem sorgte nach Angaben der Region Hannover ein mehrt\u00e4giges Kulturfestival 2023 f\u00fcr einen Besucherzuwachs auf rund 19.000 G\u00e4ste. 2022 waren es noch rund 12.000 Menschen, die in die Gedenkst\u00e4tte kamen. In den R\u00e4umen der heutigen Gedenkst\u00e4tte richteten die Nationalsozialisten 1941 eine Sammelstelle f\u00fcr Juden ein, die in die Vernichtungslager in Osteuropa deportiert werden sollten. Davor befand sich hier eine \u00abIsraelitische Gartenbauschule\u00bb.<\/p>\n<p class=\"MsoPlainText\">&nbsp;<\/p>\n<p class=\"MsoPlainText\">In der Gedenkst\u00e4tte Lager Sandbostel bei Rotenburg\/W\u00fcmme pendelten sich die Besucherzahlen wieder auf dem Vor-Corona-Niveau ein. Dort kamen zwischen 11.500 und 12.500 Menschen, wie Leiter Andreas Ehresmann bilanzierte. 2022 waren es noch rund 9.000. Extremistische Vorf\u00e4lle hat es dort im vergangenen Jahr nicht gegeben. In Sandbostel hatten die Nazis ein Kriegsgefangenenlager eingerichtet, in dem bis zur Befreiung durch britische Soldaten am 29. April 1945 mehrere Hunderttausend Gefangene aus vielen L\u00e4ndern interniert waren. Tausende starben an Hunger und Krankheiten.<\/p>\n<p class=\"MsoPlainText\">&nbsp;<\/p>\n<p>Kirche-Oldenburg<br \/>\n<a href=\"https:\/\/www.kirche-oldenburg.de\/\/aktuell\/news-niedersachsen\/artikel\/besucherzahlen-von-gedenkstaetten-sind-wieder-angestiegen-gedenkstaette-bergen-belsen-mehr-schmaehungen-seit-hamas-ueberfall\" target=\"_blank\" rel=\"noopener\">Besucherzahlen von Gedenkst\u00e4tten sind wieder angestiegen &#8211; Gedenkst\u00e4tte Bergen-Belsen: Mehr Schm\u00e4hungen seit Hamas-\u00dcberfall<\/a><\/p>\n","protected":false},"excerpt":{"rendered":"<p>Bergen-Belsen\/Bremen (epd). Die Zahl der Besucher in den NS-Gedenkst\u00e4tten in Niedersachsen und Bremen ist im vergangenen Jahr wieder deutlich angestiegen. Wie eine Umfrage des Evangelischen Pressedienstes (epd) unter den Einrichtungen ergab, besuchten 2023 mehr Menschen Gedenkst\u00e4tten, die an die Verbrechen und Opfer des Nationalsozialismus erinnern, als im Vorjahr, in dem es zumindest in den ersten Monaten noch Corona-Beschr\u00e4nkungen gab. Dabei wurde teilweise wieder das Niveau der Besucherzahlen aus dem Vor-Corona-Jahr 2019 erreicht. Zudem berichteten einige Gedenkst\u00e4tten von einer Zunahme antisemitischer \u00dcbergriffe seit dem Angriff der Terrormiliz Hamas auf Israel am 7. Oktober. &nbsp; So verzeichnete die KZ-Gedenkst\u00e4tte Bergen-Belsen bei Celle&#8230;<\/p>\n","protected":false},"author":7,"featured_media":0,"comment_status":"false","ping_status":"open","sticky":false,"template":"","format":"standard","meta":{"footnotes":""},"categories":[43],"tags":[44],"class_list":["post-26265","post","type-post","status-publish","format-standard","hentry","category-kirche-oldenburg","tag-kirche-oldenburg"],"_links":{"self":[{"href":"https:\/\/christusnews.de\/site\/wp-json\/wp\/v2\/posts\/26265","targetHints":{"allow":["GET"]}}],"collection":[{"href":"https:\/\/christusnews.de\/site\/wp-json\/wp\/v2\/posts"}],"about":[{"href":"https:\/\/christusnews.de\/site\/wp-json\/wp\/v2\/types\/post"}],"author":[{"embeddable":true,"href":"https:\/\/christusnews.de\/site\/wp-json\/wp\/v2\/users\/7"}],"replies":[{"embeddable":true,"href":"https:\/\/christusnews.de\/site\/wp-json\/wp\/v2\/comments?post=26265"}],"version-history":[{"count":1,"href":"https:\/\/christusnews.de\/site\/wp-json\/wp\/v2\/posts\/26265\/revisions"}],"predecessor-version":[{"id":26266,"href":"https:\/\/christusnews.de\/site\/wp-json\/wp\/v2\/posts\/26265\/revisions\/26266"}],"wp:attachment":[{"href":"https:\/\/christusnews.de\/site\/wp-json\/wp\/v2\/media?parent=26265"}],"wp:term":[{"taxonomy":"category","embeddable":true,"href":"https:\/\/christusnews.de\/site\/wp-json\/wp\/v2\/categories?post=26265"},{"taxonomy":"post_tag","embeddable":true,"href":"https:\/\/christusnews.de\/site\/wp-json\/wp\/v2\/tags?post=26265"}],"curies":[{"name":"wp","href":"https:\/\/api.w.org\/{rel}","templated":true}]}}