{"id":26267,"date":"2024-01-20T09:22:00","date_gmt":"2024-01-20T08:22:00","guid":{"rendered":"https:\/\/christusnews.de\/site\/antisemitismusbeauftragter-afd-bereitet-naehrboden-fuer-judenhass\/"},"modified":"2024-01-23T10:17:32","modified_gmt":"2024-01-23T09:17:32","slug":"antisemitismusbeauftragter-afd-bereitet-naehrboden-fuer-judenhass","status":"publish","type":"post","link":"https:\/\/christusnews.de\/site\/antisemitismusbeauftragter-afd-bereitet-naehrboden-fuer-judenhass\/","title":{"rendered":"Antisemitismusbeauftragter: AfD bereitet N\u00e4hrboden f\u00fcr Judenhass"},"content":{"rendered":"<p class=\"MsoPlainText\">Osnabr\u00fcck (epd). Mit Blick auf hohe Umfragewerte der AfD zeigt sich der Antisemitismusbeauftragte der Bundesregierung, Felix Klein, besorgt \u00fcber eine Erosion demokratischer Werte. \u00abAuf genau diesem N\u00e4hrboden gedeiht Judenhass\u00bb, betonte Klein gegen\u00fcber der \u00abNeuen Osnabr\u00fccker Zeitung\u00bb (Sonnabend). Selbst die Beobachtung durch den Verfassungsschutz halte viele Menschen offenbar nicht davon ab, die AfD zu w\u00e4hlen.<\/p>\n<p class=\"MsoPlainText\">&nbsp;<\/p>\n<p class=\"MsoPlainText\">Zudem forderte Klein mehr Engagement der Islamverb\u00e4nde in Deutschland gegen Antisemitismus. Sie seien in der Pflicht, diesbez\u00fcglich auf ihre Mitglieder einzuwirken. Von gewissen muslimischen Milieus gingen \u00abhochgef\u00e4hrliche, verfassungsfeindliche Aktivit\u00e4ten aus. Zugleich betonte Klein, dass man \u00bbkeinen Generalverdacht gegen alle rund f\u00fcnf Millionen Muslime in Deutschland\u00ab aufkommen lassen d\u00fcrfe. Au\u00dferdem seien \u00bbdiejenigen, die sich radikalisieren, wahrscheinlich eher in Shisha Bars anzutreffen als in der Moschee.&#8221; Klein unterstrich, es d\u00fcrfe keine falsche Scheu geben, Antisemitismus aus dem muslimischen Umfeld zu benennen.<\/p>\n<p>Kirche-Oldenburg<br \/>\n<a href=\"https:\/\/www.kirche-oldenburg.de\/\/aktuell\/news-niedersachsen\/artikel\/antisemitismusbeauftragter-afd-bereitet-naehrboden-fuer-judenhass\" target=\"_blank\" rel=\"noopener\">Antisemitismusbeauftragter: AfD bereitet N\u00e4hrboden f\u00fcr Judenhass<\/a><\/p>\n","protected":false},"excerpt":{"rendered":"<p>Osnabr\u00fcck (epd). Mit Blick auf hohe Umfragewerte der AfD zeigt sich der Antisemitismusbeauftragte der Bundesregierung, Felix Klein, besorgt \u00fcber eine Erosion demokratischer Werte. \u00abAuf genau diesem N\u00e4hrboden gedeiht Judenhass\u00bb, betonte Klein gegen\u00fcber der \u00abNeuen Osnabr\u00fccker Zeitung\u00bb (Sonnabend). Selbst die Beobachtung durch den Verfassungsschutz halte viele Menschen offenbar nicht davon ab, die AfD zu w\u00e4hlen. &nbsp; Zudem forderte Klein mehr Engagement der Islamverb\u00e4nde in Deutschland gegen Antisemitismus. Sie seien in der Pflicht, diesbez\u00fcglich auf ihre Mitglieder einzuwirken. Von gewissen muslimischen Milieus gingen \u00abhochgef\u00e4hrliche, verfassungsfeindliche Aktivit\u00e4ten aus. Zugleich betonte Klein, dass man \u00bbkeinen Generalverdacht gegen alle rund f\u00fcnf Millionen Muslime in Deutschland\u00ab&#8230;<\/p>\n","protected":false},"author":7,"featured_media":0,"comment_status":"false","ping_status":"open","sticky":false,"template":"","format":"standard","meta":{"footnotes":""},"categories":[43],"tags":[44],"class_list":["post-26267","post","type-post","status-publish","format-standard","hentry","category-kirche-oldenburg","tag-kirche-oldenburg"],"_links":{"self":[{"href":"https:\/\/christusnews.de\/site\/wp-json\/wp\/v2\/posts\/26267","targetHints":{"allow":["GET"]}}],"collection":[{"href":"https:\/\/christusnews.de\/site\/wp-json\/wp\/v2\/posts"}],"about":[{"href":"https:\/\/christusnews.de\/site\/wp-json\/wp\/v2\/types\/post"}],"author":[{"embeddable":true,"href":"https:\/\/christusnews.de\/site\/wp-json\/wp\/v2\/users\/7"}],"replies":[{"embeddable":true,"href":"https:\/\/christusnews.de\/site\/wp-json\/wp\/v2\/comments?post=26267"}],"version-history":[{"count":1,"href":"https:\/\/christusnews.de\/site\/wp-json\/wp\/v2\/posts\/26267\/revisions"}],"predecessor-version":[{"id":26268,"href":"https:\/\/christusnews.de\/site\/wp-json\/wp\/v2\/posts\/26267\/revisions\/26268"}],"wp:attachment":[{"href":"https:\/\/christusnews.de\/site\/wp-json\/wp\/v2\/media?parent=26267"}],"wp:term":[{"taxonomy":"category","embeddable":true,"href":"https:\/\/christusnews.de\/site\/wp-json\/wp\/v2\/categories?post=26267"},{"taxonomy":"post_tag","embeddable":true,"href":"https:\/\/christusnews.de\/site\/wp-json\/wp\/v2\/tags?post=26267"}],"curies":[{"name":"wp","href":"https:\/\/api.w.org\/{rel}","templated":true}]}}