{"id":26271,"date":"2024-01-19T09:15:00","date_gmt":"2024-01-19T08:15:00","guid":{"rendered":"https:\/\/christusnews.de\/site\/bischof-genn-besorgt-ueber-rechtsruck-in-der-gesellschaft\/"},"modified":"2024-01-23T10:17:33","modified_gmt":"2024-01-23T09:17:33","slug":"bischof-genn-besorgt-ueber-rechtsruck-in-der-gesellschaft","status":"publish","type":"post","link":"https:\/\/christusnews.de\/site\/bischof-genn-besorgt-ueber-rechtsruck-in-der-gesellschaft\/","title":{"rendered":"Bischof Genn besorgt \u00fcber Rechtsruck in der Gesellschaft"},"content":{"rendered":"<p class=\"MsoPlainText\">M\u00fcnster\/Vechta (epd). Der Bischof von M\u00fcnster, Felix Genn, positioniert sich gegen ein Erstarken rechtsextremistischer Kr\u00e4fte in Deutschland. \u00abWir wenden uns gegen jede Form von Rassismus, Antisemitismus sowie Hass und Ablehnung\u00bb, hei\u00dft es in einer am Freitag in M\u00fcnster ver\u00f6ffentlichten Stellungnahme Genns. F\u00fcr Christinnen und Christen sei die N\u00e4chstenliebe Programm. \u00abDazu geh\u00f6rt unbedingt die Achtung vor der W\u00fcrde jedes Menschen\u00bb, betonte der Bischof: \u00abWir stehen ein f\u00fcr den Schutz der Schwachen, f\u00fcr ein friedfertiges Zusammenleben aller und f\u00fcr ein bedingungsloses Ja zu Demokratie, Rechtsstaat und Menschenrechten.\u00bb<\/p>\n<p class=\"MsoPlainText\">&nbsp;<\/p>\n<p class=\"MsoPlainText\">Genn reagiert damit auf Recherchen des Netzwerks \u00abCorrectiv\u00bb \u00fcber ein Geheimtreffen von AfD-Politikern, Neonazis und Unternehmern, bei dem \u00fcber Pl\u00e4ne zur Deportation von Menschen mit ausl\u00e4ndischen Wurzeln geredet wurde. Auch Mitglieder der CDU und der rechtskonservativen Werteunion nahmen demnach an dem Treffen im November in Potsdam teil.<\/p>\n<p class=\"MsoPlainText\">&nbsp;<\/p>\n<p class=\"MsoPlainText\">In den vergangenen Tagen gingen zahlreiche Menschen in Deutschland gegen einen Rechtsruck der Gesellschaft auf die Stra\u00dfe. Im Gebiet des katholischen Bistums M\u00fcnster sind am Wochenende weitere Proteste geplant, darunter in M\u00fcnster, in Recklinghausen, Kleve sowie Kevelaer und Vechta.<\/p>\n<p class=\"MsoPlainText\">&nbsp;<\/p>\n<p class=\"MsoPlainText\">Das Bistum M\u00fcnster erstreckt sich in Nordrhein-Westfalens \u00fcber die drei Regionen M\u00fcnster-Warendorf-Coesfeld, Borken-Steinfurt sowie Recklinghausen und Niederrhein. Au\u00dferdem gibt es einen sogenannten Offizialatsbezirk Oldenburg in den nieders\u00e4chsischen Landkreisen Cloppenburg und Vechta.<\/p>\n<p>Kirche-Oldenburg<br \/>\n<a href=\"https:\/\/www.kirche-oldenburg.de\/\/aktuell\/news-niedersachsen\/artikel\/bischof-genn-besorgt-ueber-rechtsruck-in-der-gesellschaft\" target=\"_blank\" rel=\"noopener\">Bischof Genn besorgt \u00fcber Rechtsruck in der Gesellschaft<\/a><\/p>\n","protected":false},"excerpt":{"rendered":"<p>M\u00fcnster\/Vechta (epd). Der Bischof von M\u00fcnster, Felix Genn, positioniert sich gegen ein Erstarken rechtsextremistischer Kr\u00e4fte in Deutschland. \u00abWir wenden uns gegen jede Form von Rassismus, Antisemitismus sowie Hass und Ablehnung\u00bb, hei\u00dft es in einer am Freitag in M\u00fcnster ver\u00f6ffentlichten Stellungnahme Genns. F\u00fcr Christinnen und Christen sei die N\u00e4chstenliebe Programm. \u00abDazu geh\u00f6rt unbedingt die Achtung vor der W\u00fcrde jedes Menschen\u00bb, betonte der Bischof: \u00abWir stehen ein f\u00fcr den Schutz der Schwachen, f\u00fcr ein friedfertiges Zusammenleben aller und f\u00fcr ein bedingungsloses Ja zu Demokratie, Rechtsstaat und Menschenrechten.\u00bb &nbsp; Genn reagiert damit auf Recherchen des Netzwerks \u00abCorrectiv\u00bb \u00fcber ein Geheimtreffen von AfD-Politikern, Neonazis&#8230;<\/p>\n","protected":false},"author":7,"featured_media":0,"comment_status":"false","ping_status":"open","sticky":false,"template":"","format":"standard","meta":{"footnotes":""},"categories":[43],"tags":[44],"class_list":["post-26271","post","type-post","status-publish","format-standard","hentry","category-kirche-oldenburg","tag-kirche-oldenburg"],"_links":{"self":[{"href":"https:\/\/christusnews.de\/site\/wp-json\/wp\/v2\/posts\/26271","targetHints":{"allow":["GET"]}}],"collection":[{"href":"https:\/\/christusnews.de\/site\/wp-json\/wp\/v2\/posts"}],"about":[{"href":"https:\/\/christusnews.de\/site\/wp-json\/wp\/v2\/types\/post"}],"author":[{"embeddable":true,"href":"https:\/\/christusnews.de\/site\/wp-json\/wp\/v2\/users\/7"}],"replies":[{"embeddable":true,"href":"https:\/\/christusnews.de\/site\/wp-json\/wp\/v2\/comments?post=26271"}],"version-history":[{"count":1,"href":"https:\/\/christusnews.de\/site\/wp-json\/wp\/v2\/posts\/26271\/revisions"}],"predecessor-version":[{"id":26272,"href":"https:\/\/christusnews.de\/site\/wp-json\/wp\/v2\/posts\/26271\/revisions\/26272"}],"wp:attachment":[{"href":"https:\/\/christusnews.de\/site\/wp-json\/wp\/v2\/media?parent=26271"}],"wp:term":[{"taxonomy":"category","embeddable":true,"href":"https:\/\/christusnews.de\/site\/wp-json\/wp\/v2\/categories?post=26271"},{"taxonomy":"post_tag","embeddable":true,"href":"https:\/\/christusnews.de\/site\/wp-json\/wp\/v2\/tags?post=26271"}],"curies":[{"name":"wp","href":"https:\/\/api.w.org\/{rel}","templated":true}]}}