{"id":26275,"date":"2024-01-24T00:24:00","date_gmt":"2024-01-23T23:24:00","guid":{"rendered":"https:\/\/christusnews.de\/site\/gemeinsam-fuer-menschenrechte-eintreten\/"},"modified":"2024-01-24T10:18:18","modified_gmt":"2024-01-24T09:18:18","slug":"gemeinsam-fuer-menschenrechte-eintreten","status":"publish","type":"post","link":"https:\/\/christusnews.de\/site\/gemeinsam-fuer-menschenrechte-eintreten\/","title":{"rendered":"\u201eGemeinsam f\u00fcr Menschenrechte eintreten\u201c"},"content":{"rendered":"<p>In diesem Jahr veranstalten das katholische Forum St. Peter und die evangelische Stadtkirchenarbeit am Sonnabend, 27. Januar, einen \u00f6kumenischen Gottesdienst und einen Vortrag zum Gedenktag f\u00fcr die Opfer des Nationalsozialismus.&nbsp;<br \/>\n&nbsp; &nbsp; &nbsp;<br \/>\nDer \u00f6kumenische Gottesdienst beginnt um 18 Uhr in der Forumskirche St. Peter, er wird gemeinsam gestaltet von Pfr. Jan Magunski und P. Dr. Ralph Hennings.<br \/>\n&nbsp; &nbsp; &nbsp;<br \/>\nDer Vortrag beginnt um 20 Uhr im Lambertus-Saal der Lambertikirche. Den Vortrag zum Thema \u201eGemeinsam f\u00fcr Menschenrechte eintreten &#8211; christliche Menschenrechtsarbeit in einer zerrissenen Welt\u201c h\u00e4lt die Theologin Sabine H\u00fcbner aus Wuppertal. Dazu singt ein Interreligi\u00f6ser Chor unter der Leitung von Landeskirchenmusikdirektorin Beate Besser.&nbsp;<br \/>\n&nbsp; &nbsp;<br \/>\nDer Eintritt zum Vortrag ist frei, der Zugang zum Lambertus-Saal erfolgt durch die T\u00fcr gegen\u00fcber der NORD\/LB.<\/p>\n<p>Kirche-Oldenburg<br \/>\n<a href=\"https:\/\/www.kirche-oldenburg.de\/\/aktuell\/aus-den-kirchenkreisen\/artikel\/gemeinsam-fuer-menschenrechte-eintreten\" target=\"_blank\" rel=\"noopener\">\u201eGemeinsam f\u00fcr Menschenrechte eintreten\u201c<\/a><\/p>\n","protected":false},"excerpt":{"rendered":"<p>In diesem Jahr veranstalten das katholische Forum St. Peter und die evangelische Stadtkirchenarbeit am Sonnabend, 27. Januar, einen \u00f6kumenischen Gottesdienst und einen Vortrag zum Gedenktag f\u00fcr die Opfer des Nationalsozialismus.&nbsp; &nbsp; &nbsp; &nbsp; Der \u00f6kumenische Gottesdienst beginnt um 18 Uhr in der Forumskirche St. Peter, er wird gemeinsam gestaltet von Pfr. Jan Magunski und P. Dr. Ralph Hennings. &nbsp; &nbsp; &nbsp; Der Vortrag beginnt um 20 Uhr im Lambertus-Saal der Lambertikirche. Den Vortrag zum Thema \u201eGemeinsam f\u00fcr Menschenrechte eintreten &#8211; christliche Menschenrechtsarbeit in einer zerrissenen Welt\u201c h\u00e4lt die Theologin Sabine H\u00fcbner aus Wuppertal. Dazu singt ein Interreligi\u00f6ser Chor unter der&#8230;<\/p>\n","protected":false},"author":7,"featured_media":0,"comment_status":"false","ping_status":"open","sticky":false,"template":"","format":"standard","meta":{"footnotes":""},"categories":[43],"tags":[44],"class_list":["post-26275","post","type-post","status-publish","format-standard","hentry","category-kirche-oldenburg","tag-kirche-oldenburg"],"_links":{"self":[{"href":"https:\/\/christusnews.de\/site\/wp-json\/wp\/v2\/posts\/26275","targetHints":{"allow":["GET"]}}],"collection":[{"href":"https:\/\/christusnews.de\/site\/wp-json\/wp\/v2\/posts"}],"about":[{"href":"https:\/\/christusnews.de\/site\/wp-json\/wp\/v2\/types\/post"}],"author":[{"embeddable":true,"href":"https:\/\/christusnews.de\/site\/wp-json\/wp\/v2\/users\/7"}],"replies":[{"embeddable":true,"href":"https:\/\/christusnews.de\/site\/wp-json\/wp\/v2\/comments?post=26275"}],"version-history":[{"count":1,"href":"https:\/\/christusnews.de\/site\/wp-json\/wp\/v2\/posts\/26275\/revisions"}],"predecessor-version":[{"id":26276,"href":"https:\/\/christusnews.de\/site\/wp-json\/wp\/v2\/posts\/26275\/revisions\/26276"}],"wp:attachment":[{"href":"https:\/\/christusnews.de\/site\/wp-json\/wp\/v2\/media?parent=26275"}],"wp:term":[{"taxonomy":"category","embeddable":true,"href":"https:\/\/christusnews.de\/site\/wp-json\/wp\/v2\/categories?post=26275"},{"taxonomy":"post_tag","embeddable":true,"href":"https:\/\/christusnews.de\/site\/wp-json\/wp\/v2\/tags?post=26275"}],"curies":[{"name":"wp","href":"https:\/\/api.w.org\/{rel}","templated":true}]}}