{"id":26277,"date":"2024-01-23T00:20:00","date_gmt":"2024-01-22T23:20:00","guid":{"rendered":"https:\/\/christusnews.de\/site\/kunst-gottesdienst-zum-licht-christus-von-johann-willinges\/"},"modified":"2024-01-24T10:18:18","modified_gmt":"2024-01-24T09:18:18","slug":"kunst-gottesdienst-zum-licht-christus-von-johann-willinges","status":"publish","type":"post","link":"https:\/\/christusnews.de\/site\/kunst-gottesdienst-zum-licht-christus-von-johann-willinges\/","title":{"rendered":"Kunst-Gottesdienst zum \u201eLicht-Christus\u201c von Johann Willinges"},"content":{"rendered":"<p>Der aus Oldenburg stammende und in L\u00fcbeck wirkende Maler Johann Willinges (ca. 1560-1625) stiftete 1586 der Oldenburger St. Lamberti-Kirche die beeindruckende \u201eVerkl\u00e4rung Christi\u201c. Dieser vor Licht gl\u00e4nzende Christus ist im Vestib\u00fcl der Kirche zu sehen.&nbsp;<br \/>\n&nbsp; &nbsp;<br \/>\nAm Sonntag, 28. Januar, um 10 Uhr, wird das Original-Werk direkt am Altar der Lambertikirche gezeigt, zudem die R\u00fcckseite mit dem Selbstportr\u00e4t des Stifters, die sonst im Hamelmann-Zimmer h\u00e4ngt. Der Kunsthistoriker Dr. Dietmar J. Ponert (Berlin) entdeckte die Vorzeichnung und wird das Bild fachlich einordnen. Pastor Tom O. Brok kn\u00fcpft Verbindungen zwischen dem Bild, der biblischen Geschichte und der heutigen Zeit. Die Capella St. Lamberti singt unter der Leitung von Kirchenmusikdirektor Tobias G\u00f6tting Musik aus der Entstehungszeit des Werkes. Im Anschluss sind alle zum Gespr\u00e4ch bei Kaffee, Tee und Kakao eingeladen. Es leuchtet noch einmal der Weihnachtsstern in der Kirche, bis dann mit dem 2. Februar die Weihnachtszeit endet.&nbsp;<\/p>\n<p>Kirche-Oldenburg<br \/>\n<a href=\"https:\/\/www.kirche-oldenburg.de\/\/aktuell\/aus-den-kirchenkreisen\/artikel\/kunst-gottesdienst-zum-licht-christus-von-johann-willinges\" target=\"_blank\" rel=\"noopener\">Kunst-Gottesdienst zum \u201eLicht-Christus\u201c von Johann Willinges<\/a><\/p>\n","protected":false},"excerpt":{"rendered":"<p>Der aus Oldenburg stammende und in L\u00fcbeck wirkende Maler Johann Willinges (ca. 1560-1625) stiftete 1586 der Oldenburger St. Lamberti-Kirche die beeindruckende \u201eVerkl\u00e4rung Christi\u201c. Dieser vor Licht gl\u00e4nzende Christus ist im Vestib\u00fcl der Kirche zu sehen.&nbsp; &nbsp; &nbsp; Am Sonntag, 28. Januar, um 10 Uhr, wird das Original-Werk direkt am Altar der Lambertikirche gezeigt, zudem die R\u00fcckseite mit dem Selbstportr\u00e4t des Stifters, die sonst im Hamelmann-Zimmer h\u00e4ngt. Der Kunsthistoriker Dr. Dietmar J. Ponert (Berlin) entdeckte die Vorzeichnung und wird das Bild fachlich einordnen. Pastor Tom O. Brok kn\u00fcpft Verbindungen zwischen dem Bild, der biblischen Geschichte und der heutigen Zeit. Die Capella&#8230;<\/p>\n","protected":false},"author":7,"featured_media":0,"comment_status":"false","ping_status":"open","sticky":false,"template":"","format":"standard","meta":{"footnotes":""},"categories":[43],"tags":[44],"class_list":["post-26277","post","type-post","status-publish","format-standard","hentry","category-kirche-oldenburg","tag-kirche-oldenburg"],"_links":{"self":[{"href":"https:\/\/christusnews.de\/site\/wp-json\/wp\/v2\/posts\/26277","targetHints":{"allow":["GET"]}}],"collection":[{"href":"https:\/\/christusnews.de\/site\/wp-json\/wp\/v2\/posts"}],"about":[{"href":"https:\/\/christusnews.de\/site\/wp-json\/wp\/v2\/types\/post"}],"author":[{"embeddable":true,"href":"https:\/\/christusnews.de\/site\/wp-json\/wp\/v2\/users\/7"}],"replies":[{"embeddable":true,"href":"https:\/\/christusnews.de\/site\/wp-json\/wp\/v2\/comments?post=26277"}],"version-history":[{"count":1,"href":"https:\/\/christusnews.de\/site\/wp-json\/wp\/v2\/posts\/26277\/revisions"}],"predecessor-version":[{"id":26278,"href":"https:\/\/christusnews.de\/site\/wp-json\/wp\/v2\/posts\/26277\/revisions\/26278"}],"wp:attachment":[{"href":"https:\/\/christusnews.de\/site\/wp-json\/wp\/v2\/media?parent=26277"}],"wp:term":[{"taxonomy":"category","embeddable":true,"href":"https:\/\/christusnews.de\/site\/wp-json\/wp\/v2\/categories?post=26277"},{"taxonomy":"post_tag","embeddable":true,"href":"https:\/\/christusnews.de\/site\/wp-json\/wp\/v2\/tags?post=26277"}],"curies":[{"name":"wp","href":"https:\/\/api.w.org\/{rel}","templated":true}]}}