{"id":26279,"date":"2024-01-24T20:01:00","date_gmt":"2024-01-24T19:01:00","guid":{"rendered":"https:\/\/christusnews.de\/site\/waschechte-pionierinnen-und-pioniere\/"},"modified":"2024-01-24T22:18:26","modified_gmt":"2024-01-24T21:18:26","slug":"waschechte-pionierinnen-und-pioniere","status":"publish","type":"post","link":"https:\/\/christusnews.de\/site\/waschechte-pionierinnen-und-pioniere\/","title":{"rendered":"\u201eWaschechte Pionierinnen und Pioniere\u201c"},"content":{"rendered":"<p>In einem Gottesdienst in der Kapelle des Oberkirchenrats der Ev.-Luth. Kirche in Oldenburg hat Oberkirchenr\u00e4tin Gudrun Mawick am Mittwoch, 24. Januar, mit Anke Michels, Dorothee Breger und Diakon Matthias Rensch zwei neue Pr\u00e4dikantinnen und einen neuen Pr\u00e4dikanten in ihr neues Amt eingef\u00fchrt. Nach einer Ausbildung in der Landeskirche Hannovers erhalten sie das sogenannte \u201eRecht der freien Wortverk\u00fcndigung\u201c, das sie dazu berechtigt, ohne eine vorliegende Lesepredigt eigenst\u00e4ndig Predigten zu erarbeiten und Gottesdienste zu leiten.<br \/>\n&nbsp; &nbsp;<br \/>\nIn ihrer Predigt dankte Oberkirchenr\u00e4tin Gudrun Mawick den Pr\u00e4dikantinnen und dem Pr\u00e4dikanten f\u00fcr die Zeit, die sie investiert h\u00e4tten, sich mit unterschiedlichen Menschen und Meinungen auseinanderzusetzen. \u201eSie&nbsp;haben gelernt und ge\u00fcbt und diskutiert in der ganzen F\u00fclle der Freude an Gott.\u201c Sowohl in der Feier des Gottesdienstes als auch im Gottesdienst des t\u00e4glichen Lebens empfinde sie es als &nbsp;Auftrag von christlicher Verk\u00fcndigung, \u201eDemagogen und Hetzern etwas entgegensetzen. Den Verschw\u00f6rungstheorien und Untergangsszenarien begegnen mit Freude an der Feier des Lebens. Dabei umsichtig im klaren Licht des Morgensterns die Welt in den Blick nehmen &#8211; im Angesicht des Himmels. Existenziell, aber nicht abgehoben.\u201c<br \/>\n&nbsp; &nbsp;<br \/>\nAnke Michels aus der Kirchengemeinde Brake, Dorothee Breger aus der Kirchengemeinde Gro\u00dfenkneten sowie Diakon Matthias Rensch aus Wilhelmshaven seien \u201ewaschechte Pionierinnen und Pioniere\u201c, sagte Pfarrer Cornelius Grohs vom Referat Gottesdienst und Kirchenmusik der oldenburgischen Kirche in seiner Begr\u00fc\u00dfung. Sie seien erstmalig im Rahmen der Kooperation mit der Hannoverschen Landeskirche von dem Team der dortigen Arbeitsstelle unter Leitung von Dr. Vera Pabst ausgebildet worden. Unterst\u00fctzt und begleitet wurden sie w\u00e4hrend ihrer Ausbildung von Mentorinnen und Mentoren vor Ort, von Pfarrerin Natascha Faull, Pfarrer Hans-Martin R\u00f6ker und Pfarrer Dr. Sven Evers. Die Beauftragung gilt zun\u00e4chst f\u00fcr acht Jahre und kann verl\u00e4ngert werden. &nbsp;<\/p>\n<p>Kirche-Oldenburg<br \/>\n<a href=\"https:\/\/www.kirche-oldenburg.de\/\/aktuell\/pressemitteilungen\/artikel\/waschechte-pionierinnen-und-pioniere\" target=\"_blank\" rel=\"noopener\">\u201eWaschechte Pionierinnen und Pioniere\u201c<\/a><\/p>\n","protected":false},"excerpt":{"rendered":"<p>In einem Gottesdienst in der Kapelle des Oberkirchenrats der Ev.-Luth. Kirche in Oldenburg hat Oberkirchenr\u00e4tin Gudrun Mawick am Mittwoch, 24. Januar, mit Anke Michels, Dorothee Breger und Diakon Matthias Rensch zwei neue Pr\u00e4dikantinnen und einen neuen Pr\u00e4dikanten in ihr neues Amt eingef\u00fchrt. Nach einer Ausbildung in der Landeskirche Hannovers erhalten sie das sogenannte \u201eRecht der freien Wortverk\u00fcndigung\u201c, das sie dazu berechtigt, ohne eine vorliegende Lesepredigt eigenst\u00e4ndig Predigten zu erarbeiten und Gottesdienste zu leiten. &nbsp; &nbsp; In ihrer Predigt dankte Oberkirchenr\u00e4tin Gudrun Mawick den Pr\u00e4dikantinnen und dem Pr\u00e4dikanten f\u00fcr die Zeit, die sie investiert h\u00e4tten, sich mit unterschiedlichen Menschen und Meinungen&#8230;<\/p>\n","protected":false},"author":7,"featured_media":0,"comment_status":"false","ping_status":"open","sticky":false,"template":"","format":"standard","meta":{"footnotes":""},"categories":[43],"tags":[44],"class_list":["post-26279","post","type-post","status-publish","format-standard","hentry","category-kirche-oldenburg","tag-kirche-oldenburg"],"_links":{"self":[{"href":"https:\/\/christusnews.de\/site\/wp-json\/wp\/v2\/posts\/26279","targetHints":{"allow":["GET"]}}],"collection":[{"href":"https:\/\/christusnews.de\/site\/wp-json\/wp\/v2\/posts"}],"about":[{"href":"https:\/\/christusnews.de\/site\/wp-json\/wp\/v2\/types\/post"}],"author":[{"embeddable":true,"href":"https:\/\/christusnews.de\/site\/wp-json\/wp\/v2\/users\/7"}],"replies":[{"embeddable":true,"href":"https:\/\/christusnews.de\/site\/wp-json\/wp\/v2\/comments?post=26279"}],"version-history":[{"count":1,"href":"https:\/\/christusnews.de\/site\/wp-json\/wp\/v2\/posts\/26279\/revisions"}],"predecessor-version":[{"id":26280,"href":"https:\/\/christusnews.de\/site\/wp-json\/wp\/v2\/posts\/26279\/revisions\/26280"}],"wp:attachment":[{"href":"https:\/\/christusnews.de\/site\/wp-json\/wp\/v2\/media?parent=26279"}],"wp:term":[{"taxonomy":"category","embeddable":true,"href":"https:\/\/christusnews.de\/site\/wp-json\/wp\/v2\/categories?post=26279"},{"taxonomy":"post_tag","embeddable":true,"href":"https:\/\/christusnews.de\/site\/wp-json\/wp\/v2\/tags?post=26279"}],"curies":[{"name":"wp","href":"https:\/\/api.w.org\/{rel}","templated":true}]}}