{"id":26281,"date":"2024-01-23T11:48:00","date_gmt":"2024-01-23T10:48:00","guid":{"rendered":"https:\/\/christusnews.de\/site\/woche-fuer-das-leben-der-kirchen-legt-fokus-auf-junge-behinderte\/"},"modified":"2024-01-24T22:18:26","modified_gmt":"2024-01-24T21:18:26","slug":"woche-fuer-das-leben-der-kirchen-legt-fokus-auf-junge-behinderte","status":"publish","type":"post","link":"https:\/\/christusnews.de\/site\/woche-fuer-das-leben-der-kirchen-legt-fokus-auf-junge-behinderte\/","title":{"rendered":"\u00abWoche f\u00fcr das Leben\u00bb der Kirchen legt Fokus auf junge Behinderte"},"content":{"rendered":"<p class=\"MsoPlainText\">Hannover\/Bonn (epd). Die beiden gro\u00dfen Kirchen stellen mit ihrer \u00abWoche f\u00fcr das Leben\u00bb im April Jugendliche und junge Erwachsene mit Behinderungen in den Mittelpunkt. Gerade f\u00fcr junge behinderte Menschen sei das Erwachsenwerden mit vielen H\u00fcrden verbunden, erkl\u00e4rten die kommissarische Ratsvorsitzende der Evangelischen Kirche in Deutschland (EKD), Kirsten Fehrs, und der Vorsitzende der katholischen Deutschen Bischofskonferenz, Georg B\u00e4tzing, am Dienstag.<\/p>\n<p class=\"MsoPlainText\">&nbsp;<\/p>\n<p class=\"MsoPlainText\">Die \u00f6kumenische \u00abWoche f\u00fcr das Leben\u00bb vom 13. bis 20. April steht unter dem Motto \u00abGeneration Z(ukunft): Gemeinsam. Verschieden. Gut.\u00bb Die bundesweite Auftaktveranstaltung ist im Sankt Vincenzstift (Aulhausen) in R\u00fcdesheim am Rhein geplant. Die Initiative findet in diesem Jahr nach dem Ausstieg der EKD ein letztes Mal in dem bekannten Format statt.<\/p>\n<p class=\"MsoPlainText\">&nbsp;<\/p>\n<p class=\"MsoPlainText\">Zum diesj\u00e4hrigen Motto erkl\u00e4rten die Hamburger Bisch\u00f6fin Fehrs und der Limburger Bischof B\u00e4tzing: \u00abWenn die Bed\u00fcrfnisse, Sorgen und W\u00fcnsche junger Menschen mit Behinderung in unserer Gesellschaft nicht gesehen und ber\u00fccksichtigt werden, ist es auch an uns, diese sichtbar zu machen und mit all unserer Kraft f\u00fcr weniger Barrieren zu sorgen.&nbsp;Ganz im Sinne einer inklusiven christlichen Kirche.\u00bb<\/p>\n<p class=\"MsoPlainText\">&nbsp;<\/p>\n<p class=\"MsoPlainText\">Die EKD hatte sich im Juni vergangenen Jahres einseitig aus der \u00f6kumenischen Lebensschutz-Initiative zur\u00fcckgezogen, die Anfang der 1990er von katholischen Laien ins Leben gerufen worden war. Man wolle sich k\u00fcnftig in anderen Formaten f\u00fcr die Themen des Lebensschutzes einsetzen, hie\u00df es. Die Entscheidung ist innerhalb der evangelischen Kirche umstritten.<\/p>\n<p class=\"MsoPlainText\">&nbsp;<\/p>\n<p class=\"MsoPlainText\">EKD und Bischofskonferenz erkl\u00e4rten am Dienstag, 30 Jahre lang h\u00e4tten sich die beiden gro\u00dfen christlichen Kirchen mit der \u00abWoche f\u00fcr das Leben\u00bb gemeinsam f\u00fcr die Anerkennung der Schutzw\u00fcrdigkeit des menschlichen Lebens in all seinen Phasen eingesetzt. Um das bisherige Konzept in die Zukunft zu \u00fcberf\u00fchren, h\u00e4tten beide Kirchen eine Evaluation in Auftrag gegeben: \u00abDie katholische und die evangelische Kirche in Deutschland arbeiten bereits gemeinsam an einer neuen Struktur, um sich mit einem zeitgem\u00e4\u00dfen Format auch zuk\u00fcnftig und weiterhin gemeinsam den Fragen der Bioethik zu widmen und f\u00fcr den Schutz menschlichen Lebens einzutreten.\u00bb<\/p>\n<p>Kirche-Oldenburg<br \/>\n<a href=\"https:\/\/www.kirche-oldenburg.de\/\/aktuell\/news-niedersachsen\/artikel\/woche-fuer-das-leben-der-kirchen-legt-fokus-auf-junge-behinderte\" target=\"_blank\" rel=\"noopener\">\u00abWoche f\u00fcr das Leben\u00bb der Kirchen legt Fokus auf junge Behinderte<\/a><\/p>\n","protected":false},"excerpt":{"rendered":"<p>Hannover\/Bonn (epd). Die beiden gro\u00dfen Kirchen stellen mit ihrer \u00abWoche f\u00fcr das Leben\u00bb im April Jugendliche und junge Erwachsene mit Behinderungen in den Mittelpunkt. Gerade f\u00fcr junge behinderte Menschen sei das Erwachsenwerden mit vielen H\u00fcrden verbunden, erkl\u00e4rten die kommissarische Ratsvorsitzende der Evangelischen Kirche in Deutschland (EKD), Kirsten Fehrs, und der Vorsitzende der katholischen Deutschen Bischofskonferenz, Georg B\u00e4tzing, am Dienstag. &nbsp; Die \u00f6kumenische \u00abWoche f\u00fcr das Leben\u00bb vom 13. bis 20. April steht unter dem Motto \u00abGeneration Z(ukunft): Gemeinsam. Verschieden. Gut.\u00bb Die bundesweite Auftaktveranstaltung ist im Sankt Vincenzstift (Aulhausen) in R\u00fcdesheim am Rhein geplant. Die Initiative findet in diesem Jahr nach&#8230;<\/p>\n","protected":false},"author":7,"featured_media":0,"comment_status":"false","ping_status":"open","sticky":false,"template":"","format":"standard","meta":{"footnotes":""},"categories":[43],"tags":[44],"class_list":["post-26281","post","type-post","status-publish","format-standard","hentry","category-kirche-oldenburg","tag-kirche-oldenburg"],"_links":{"self":[{"href":"https:\/\/christusnews.de\/site\/wp-json\/wp\/v2\/posts\/26281","targetHints":{"allow":["GET"]}}],"collection":[{"href":"https:\/\/christusnews.de\/site\/wp-json\/wp\/v2\/posts"}],"about":[{"href":"https:\/\/christusnews.de\/site\/wp-json\/wp\/v2\/types\/post"}],"author":[{"embeddable":true,"href":"https:\/\/christusnews.de\/site\/wp-json\/wp\/v2\/users\/7"}],"replies":[{"embeddable":true,"href":"https:\/\/christusnews.de\/site\/wp-json\/wp\/v2\/comments?post=26281"}],"version-history":[{"count":1,"href":"https:\/\/christusnews.de\/site\/wp-json\/wp\/v2\/posts\/26281\/revisions"}],"predecessor-version":[{"id":26282,"href":"https:\/\/christusnews.de\/site\/wp-json\/wp\/v2\/posts\/26281\/revisions\/26282"}],"wp:attachment":[{"href":"https:\/\/christusnews.de\/site\/wp-json\/wp\/v2\/media?parent=26281"}],"wp:term":[{"taxonomy":"category","embeddable":true,"href":"https:\/\/christusnews.de\/site\/wp-json\/wp\/v2\/categories?post=26281"},{"taxonomy":"post_tag","embeddable":true,"href":"https:\/\/christusnews.de\/site\/wp-json\/wp\/v2\/tags?post=26281"}],"curies":[{"name":"wp","href":"https:\/\/api.w.org\/{rel}","templated":true}]}}