{"id":26297,"date":"2024-01-25T16:29:00","date_gmt":"2024-01-25T15:29:00","guid":{"rendered":"https:\/\/christusnews.de\/site\/weihbischof-theising-demonstrationen-fuer-demokratie-ermutigen\/"},"modified":"2024-01-26T22:17:31","modified_gmt":"2024-01-26T21:17:31","slug":"weihbischof-theising-demonstrationen-fuer-demokratie-ermutigen","status":"publish","type":"post","link":"https:\/\/christusnews.de\/site\/weihbischof-theising-demonstrationen-fuer-demokratie-ermutigen\/","title":{"rendered":"Weihbischof Theising: Demonstrationen f\u00fcr Demokratie ermutigen"},"content":{"rendered":"<p class=\"MsoPlainText\">Vechta (epd). Der katholische Vechtaer Weihbischof Wilfried Theising hat die zahlreichen Demonstrationen f\u00fcr die Demokratie als \u00abermutigendes Zeichen\u00bb gew\u00fcrdigt. In ganz Deutschland legten so viele Menschen ein deutliches Bekenntnis zur Rechtstaatlichkeit, zur unver\u00e4u\u00dferlichen Menschenw\u00fcrde und den Grundrechten ab, sagte er am Donnerstag in Vechta.<\/p>\n<p class=\"MsoPlainText\">&nbsp;<\/p>\n<p class=\"MsoPlainText\">Das t\u00e4gliche Engagement zahlreicher B\u00fcrgerinnen und B\u00fcrger in Vereinen und Verb\u00e4nden, in der Kirche und anderen Religionsgemeinschaften, in Parteien und der Kommunalpolitik geh\u00f6re zum Fundament der Gesellschaft, betonte der Bisch\u00f6fliche Offizial f\u00fcr die katholische Kirche im Oldenburger Land. \u00abWir brauchen eine Kultur der konstruktiven politischen Auseinandersetzung. Menschenfeindlichkeit und Extremismus d\u00fcrfen in unserem Land hingegen keinen Platz haben.\u00bb<\/p>\n<p class=\"MsoPlainText\">&nbsp;<\/p>\n<p class=\"MsoPlainText\">Am Sonnabend (27. Januar) wolle sich Theising um 12 Uhr in Oldenburg an einer Gedenkstunde am Mahnmal f\u00fcr die Sinti und Roma beteiligen, die Opfer der NS-Diktatur wurden, hie\u00df es. Der 27. Januar ist der Internationale Tag des Gedenkens an die Opfer des Holocaust. An diesem Tag befreite die Rote Armee 1945 das Konzentrationslager Auschwitz.<\/p>\n<p>Kirche-Oldenburg<br \/>\n<a href=\"https:\/\/www.kirche-oldenburg.de\/\/aktuell\/news-niedersachsen\/artikel\/weihbischof-theising-demonstrationen-fuer-demokratie-ermutigen\" target=\"_blank\" rel=\"noopener\">Weihbischof Theising: Demonstrationen f\u00fcr Demokratie ermutigen<\/a><\/p>\n","protected":false},"excerpt":{"rendered":"<p>Vechta (epd). Der katholische Vechtaer Weihbischof Wilfried Theising hat die zahlreichen Demonstrationen f\u00fcr die Demokratie als \u00abermutigendes Zeichen\u00bb gew\u00fcrdigt. In ganz Deutschland legten so viele Menschen ein deutliches Bekenntnis zur Rechtstaatlichkeit, zur unver\u00e4u\u00dferlichen Menschenw\u00fcrde und den Grundrechten ab, sagte er am Donnerstag in Vechta. &nbsp; Das t\u00e4gliche Engagement zahlreicher B\u00fcrgerinnen und B\u00fcrger in Vereinen und Verb\u00e4nden, in der Kirche und anderen Religionsgemeinschaften, in Parteien und der Kommunalpolitik geh\u00f6re zum Fundament der Gesellschaft, betonte der Bisch\u00f6fliche Offizial f\u00fcr die katholische Kirche im Oldenburger Land. \u00abWir brauchen eine Kultur der konstruktiven politischen Auseinandersetzung. Menschenfeindlichkeit und Extremismus d\u00fcrfen in unserem Land hingegen keinen&#8230;<\/p>\n","protected":false},"author":7,"featured_media":0,"comment_status":"false","ping_status":"open","sticky":false,"template":"","format":"standard","meta":{"footnotes":""},"categories":[43],"tags":[44],"class_list":["post-26297","post","type-post","status-publish","format-standard","hentry","category-kirche-oldenburg","tag-kirche-oldenburg"],"_links":{"self":[{"href":"https:\/\/christusnews.de\/site\/wp-json\/wp\/v2\/posts\/26297","targetHints":{"allow":["GET"]}}],"collection":[{"href":"https:\/\/christusnews.de\/site\/wp-json\/wp\/v2\/posts"}],"about":[{"href":"https:\/\/christusnews.de\/site\/wp-json\/wp\/v2\/types\/post"}],"author":[{"embeddable":true,"href":"https:\/\/christusnews.de\/site\/wp-json\/wp\/v2\/users\/7"}],"replies":[{"embeddable":true,"href":"https:\/\/christusnews.de\/site\/wp-json\/wp\/v2\/comments?post=26297"}],"version-history":[{"count":1,"href":"https:\/\/christusnews.de\/site\/wp-json\/wp\/v2\/posts\/26297\/revisions"}],"predecessor-version":[{"id":26298,"href":"https:\/\/christusnews.de\/site\/wp-json\/wp\/v2\/posts\/26297\/revisions\/26298"}],"wp:attachment":[{"href":"https:\/\/christusnews.de\/site\/wp-json\/wp\/v2\/media?parent=26297"}],"wp:term":[{"taxonomy":"category","embeddable":true,"href":"https:\/\/christusnews.de\/site\/wp-json\/wp\/v2\/categories?post=26297"},{"taxonomy":"post_tag","embeddable":true,"href":"https:\/\/christusnews.de\/site\/wp-json\/wp\/v2\/tags?post=26297"}],"curies":[{"name":"wp","href":"https:\/\/api.w.org\/{rel}","templated":true}]}}