{"id":26301,"date":"2024-01-26T16:34:31","date_gmt":"2024-01-26T15:34:31","guid":{"rendered":"https:\/\/christusnews.de\/site\/landrat-und-buergermeister-rufen-zu-demonstration-fuer-demokratie-auf\/"},"modified":"2024-01-27T10:17:25","modified_gmt":"2024-01-27T09:17:25","slug":"landrat-und-buergermeister-rufen-zu-demonstration-fuer-demokratie-auf","status":"publish","type":"post","link":"https:\/\/christusnews.de\/site\/landrat-und-buergermeister-rufen-zu-demonstration-fuer-demokratie-auf\/","title":{"rendered":"Landrat und B\u00fcrgermeister rufen zu Demonstration f\u00fcr Demokratie auf"},"content":{"rendered":"<p class=\"MsoPlainText\">Brake\/Kr. Wesermarsch (epd). Die B\u00fcrgermeisterinnen und B\u00fcrgermeister des Landkreises Wesermarsch sowie Landrat Stephan Siefken rufen zu Demonstrationen und Kundgebungen f\u00fcr die Demokratie auf. \u00abWir unterst\u00fctzen die vielerorts veranstalteten Demonstrationen gegen Extremismus, Antisemitismus und fremdenfeindliche &#8216;Remigrationspl\u00e4ne&#8217;&nbsp;ausdr\u00fccklich\u00bb, hei\u00dft es in einem am Freitag ver\u00f6ffentlichten gemeinsamen Aufruf: \u00abDemokratie wird auf der kommunalen Ebene gelebt.&nbsp;Das gilt f\u00fcr die demokratisch gew\u00e4hlten Vertretungen genauso wie f\u00fcr die direkt gew\u00e4hlten Hauptverwaltungsbeamten mit ihren Besch\u00e4ftigten.\u00bb<\/p>\n<p class=\"MsoPlainText\">&nbsp;<\/p>\n<p class=\"MsoPlainText\">Die \u00f6rtliche Gemeinschaft und das ehrenamtliche Engagement vieler Menschen seien ein Beweis f\u00fcr eine starke Gesellschaft, die zusammenhalte und sich nicht spalten lasse, hei\u00dft es weiter. Geplant sind Kundgebungen am Sonnabend (27. Januar) um 15 Uhr am Bahnhof in Nordenham und am 3. Februar um 12 Uhr am Kreishaus in Brake.<\/p>\n<p>Kirche-Oldenburg<br \/>\n<a href=\"https:\/\/www.kirche-oldenburg.de\/\/aktuell\/news-niedersachsen\/artikel\/landrat-und-buergermeister-rufen-zu-demonstration-fuer-demokratie-auf\" target=\"_blank\" rel=\"noopener\">Landrat und B\u00fcrgermeister rufen zu Demonstration f\u00fcr Demokratie auf<\/a><\/p>\n","protected":false},"excerpt":{"rendered":"<p>Brake\/Kr. Wesermarsch (epd). Die B\u00fcrgermeisterinnen und B\u00fcrgermeister des Landkreises Wesermarsch sowie Landrat Stephan Siefken rufen zu Demonstrationen und Kundgebungen f\u00fcr die Demokratie auf. \u00abWir unterst\u00fctzen die vielerorts veranstalteten Demonstrationen gegen Extremismus, Antisemitismus und fremdenfeindliche &#8216;Remigrationspl\u00e4ne&#8217;&nbsp;ausdr\u00fccklich\u00bb, hei\u00dft es in einem am Freitag ver\u00f6ffentlichten gemeinsamen Aufruf: \u00abDemokratie wird auf der kommunalen Ebene gelebt.&nbsp;Das gilt f\u00fcr die demokratisch gew\u00e4hlten Vertretungen genauso wie f\u00fcr die direkt gew\u00e4hlten Hauptverwaltungsbeamten mit ihren Besch\u00e4ftigten.\u00bb &nbsp; Die \u00f6rtliche Gemeinschaft und das ehrenamtliche Engagement vieler Menschen seien ein Beweis f\u00fcr eine starke Gesellschaft, die zusammenhalte und sich nicht spalten lasse, hei\u00dft es weiter. Geplant sind Kundgebungen am Sonnabend (27&#8230;.<\/p>\n","protected":false},"author":7,"featured_media":0,"comment_status":"false","ping_status":"open","sticky":false,"template":"","format":"standard","meta":{"footnotes":""},"categories":[43],"tags":[44],"class_list":["post-26301","post","type-post","status-publish","format-standard","hentry","category-kirche-oldenburg","tag-kirche-oldenburg"],"_links":{"self":[{"href":"https:\/\/christusnews.de\/site\/wp-json\/wp\/v2\/posts\/26301","targetHints":{"allow":["GET"]}}],"collection":[{"href":"https:\/\/christusnews.de\/site\/wp-json\/wp\/v2\/posts"}],"about":[{"href":"https:\/\/christusnews.de\/site\/wp-json\/wp\/v2\/types\/post"}],"author":[{"embeddable":true,"href":"https:\/\/christusnews.de\/site\/wp-json\/wp\/v2\/users\/7"}],"replies":[{"embeddable":true,"href":"https:\/\/christusnews.de\/site\/wp-json\/wp\/v2\/comments?post=26301"}],"version-history":[{"count":1,"href":"https:\/\/christusnews.de\/site\/wp-json\/wp\/v2\/posts\/26301\/revisions"}],"predecessor-version":[{"id":26302,"href":"https:\/\/christusnews.de\/site\/wp-json\/wp\/v2\/posts\/26301\/revisions\/26302"}],"wp:attachment":[{"href":"https:\/\/christusnews.de\/site\/wp-json\/wp\/v2\/media?parent=26301"}],"wp:term":[{"taxonomy":"category","embeddable":true,"href":"https:\/\/christusnews.de\/site\/wp-json\/wp\/v2\/categories?post=26301"},{"taxonomy":"post_tag","embeddable":true,"href":"https:\/\/christusnews.de\/site\/wp-json\/wp\/v2\/tags?post=26301"}],"curies":[{"name":"wp","href":"https:\/\/api.w.org\/{rel}","templated":true}]}}