{"id":26311,"date":"2024-01-28T08:46:00","date_gmt":"2024-01-28T07:46:00","guid":{"rendered":"https:\/\/christusnews.de\/site\/mehr-als-2-000-menschen-bei-kundgebung-gegen-antisemitismus\/"},"modified":"2024-01-29T22:17:45","modified_gmt":"2024-01-29T21:17:45","slug":"mehr-als-2-000-menschen-bei-kundgebung-gegen-antisemitismus","status":"publish","type":"post","link":"https:\/\/christusnews.de\/site\/mehr-als-2-000-menschen-bei-kundgebung-gegen-antisemitismus\/","title":{"rendered":"Mehr als 2.000 Menschen bei Kundgebung gegen Antisemitismus"},"content":{"rendered":"<p class=\"MsoPlainText\">Hannover (epd). Mit einer Gedenkkundgebung unter dem Motto \u00abGegen das Vergessen &#8211; Never again is now\u00bb haben mehr als 2.000 B\u00fcrgerinnen und B\u00fcrger am Sonnabend auf dem Opernplatz in Hannover ein Zeichen gegen Antisemitismus gesetzt. Aufgerufen zu der Veranstaltung hatte das B\u00fcndnis gegen Antisemitismus Hannover. Das \u00abProblem von Rechtsradikalismus und Antisemitismus\u00bb sei \u00abin die Mitte unserer Gesellschaft ger\u00fcckt\u00bb, sagte Kay Schweigmann-Greve, Vorsitzender der Deutsch-Israelischen-Gesellschaft-AG Hannover in einem Wortbeitrag.<\/p>\n<p class=\"MsoPlainText\">&nbsp;<\/p>\n<p class=\"MsoPlainText\">Immer mehr Menschen schienen Rassismus, Antisemitismus und die Ver\u00e4chtlichmachung demokratischer Politiker und staatlicher Institutionen f\u00fcr \u00abauch eine Meinung\u00bb zu halten, die man hinnehmen m\u00fcsse, sagte Schweigmann-Greve. Die beeindruckenden Demos der j\u00fcngsten Zeit seien \u00abwichtig um das Gef\u00fchl zu brechen, unsere Gesellschaft entwickele sich unaufhaltsam nach rechts &#8211; das tut sie nicht. Jetzt geht es jedoch darum, die demokratische Dynamik dieser Demonstrationen in den Alltag zu tragen.\u00bb<\/p>\n<p class=\"MsoPlainText\">&nbsp;<\/p>\n<p class=\"MsoPlainText\">Die Gedenkkundgebung bildete den Auftrakt f\u00fcr \u00abAktionswochen gegen Antisemitismus\u00bb. Daf\u00fcr sind bis zum 10. Februar unter anderem Podiumsgespr\u00e4che und ein Kippa-Spaziergang geplant. Das vollst\u00e4ndige Programm steht online unter hannovergegenantisemitismus.de\/programm.<\/p>\n<p class=\"MsoPlainText\">&nbsp;<\/p>\n<p class=\"MsoPlainText\">Zu dem im November gegr\u00fcndeten B\u00fcndnis gegen Antisemitismus Hannover geh\u00f6ren verschiedene Organisationen, Vereine und Verb\u00e4nde, Parteien, Gewerkschaften sowie Kirchen und Weltanschauungsgemeinschaften in Hannover. Erkl\u00e4rtes Ziel ist es, auf den seit Anfang Oktober 2023 ansteigenden Antisemitismus aufmerksam zu machen und den Druck auf die lokale Politik zu erh\u00f6hen, damit sie wirksame Ma\u00dfnahmen ergreift.<\/p>\n<p>Kirche-Oldenburg<br \/>\n<a href=\"https:\/\/www.kirche-oldenburg.de\/\/aktuell\/news-niedersachsen\/artikel\/mehr-als-2000-menschen-bei-kundgebung-gegen-antisemitismus\" target=\"_blank\" rel=\"noopener\">Mehr als 2.000 Menschen bei Kundgebung gegen Antisemitismus<\/a><\/p>\n","protected":false},"excerpt":{"rendered":"<p>Hannover (epd). Mit einer Gedenkkundgebung unter dem Motto \u00abGegen das Vergessen &#8211; Never again is now\u00bb haben mehr als 2.000 B\u00fcrgerinnen und B\u00fcrger am Sonnabend auf dem Opernplatz in Hannover ein Zeichen gegen Antisemitismus gesetzt. Aufgerufen zu der Veranstaltung hatte das B\u00fcndnis gegen Antisemitismus Hannover. Das \u00abProblem von Rechtsradikalismus und Antisemitismus\u00bb sei \u00abin die Mitte unserer Gesellschaft ger\u00fcckt\u00bb, sagte Kay Schweigmann-Greve, Vorsitzender der Deutsch-Israelischen-Gesellschaft-AG Hannover in einem Wortbeitrag. &nbsp; Immer mehr Menschen schienen Rassismus, Antisemitismus und die Ver\u00e4chtlichmachung demokratischer Politiker und staatlicher Institutionen f\u00fcr \u00abauch eine Meinung\u00bb zu halten, die man hinnehmen m\u00fcsse, sagte Schweigmann-Greve. Die beeindruckenden Demos der j\u00fcngsten&#8230;<\/p>\n","protected":false},"author":7,"featured_media":0,"comment_status":"false","ping_status":"open","sticky":false,"template":"","format":"standard","meta":{"footnotes":""},"categories":[43],"tags":[44],"class_list":["post-26311","post","type-post","status-publish","format-standard","hentry","category-kirche-oldenburg","tag-kirche-oldenburg"],"_links":{"self":[{"href":"https:\/\/christusnews.de\/site\/wp-json\/wp\/v2\/posts\/26311","targetHints":{"allow":["GET"]}}],"collection":[{"href":"https:\/\/christusnews.de\/site\/wp-json\/wp\/v2\/posts"}],"about":[{"href":"https:\/\/christusnews.de\/site\/wp-json\/wp\/v2\/types\/post"}],"author":[{"embeddable":true,"href":"https:\/\/christusnews.de\/site\/wp-json\/wp\/v2\/users\/7"}],"replies":[{"embeddable":true,"href":"https:\/\/christusnews.de\/site\/wp-json\/wp\/v2\/comments?post=26311"}],"version-history":[{"count":1,"href":"https:\/\/christusnews.de\/site\/wp-json\/wp\/v2\/posts\/26311\/revisions"}],"predecessor-version":[{"id":26312,"href":"https:\/\/christusnews.de\/site\/wp-json\/wp\/v2\/posts\/26311\/revisions\/26312"}],"wp:attachment":[{"href":"https:\/\/christusnews.de\/site\/wp-json\/wp\/v2\/media?parent=26311"}],"wp:term":[{"taxonomy":"category","embeddable":true,"href":"https:\/\/christusnews.de\/site\/wp-json\/wp\/v2\/categories?post=26311"},{"taxonomy":"post_tag","embeddable":true,"href":"https:\/\/christusnews.de\/site\/wp-json\/wp\/v2\/tags?post=26311"}],"curies":[{"name":"wp","href":"https:\/\/api.w.org\/{rel}","templated":true}]}}