{"id":26340,"date":"2024-01-29T23:53:00","date_gmt":"2024-01-29T22:53:00","guid":{"rendered":"https:\/\/christusnews.de\/site\/kirchentagssonntag-am-4-februar-in-wiefelstede\/"},"modified":"2024-01-30T10:17:52","modified_gmt":"2024-01-30T09:17:52","slug":"kirchentagssonntag-am-4-februar-in-wiefelstede","status":"publish","type":"post","link":"https:\/\/christusnews.de\/site\/kirchentagssonntag-am-4-februar-in-wiefelstede\/","title":{"rendered":"KirchentagsSonntag am 4. Februar in Wiefelstede\u00a0"},"content":{"rendered":"<p>Zur Einstimmung auf den Evangelischen Kirchentag 2025 in Hannover findet in der oldenburgischen Kirche am Sonntag, 4. Februar, der Kirchentagssonntag in der St.-Johannes-Kirche in Wiefelstede statt. Beginn ist um 10 Uhr.<\/p>\n<p>Das Motto des 39. Deutschen Evangelischen Kirchentags 2025 in Hannover \u201emutig \u2013 stark \u2013 beherzt\u201c (1. Kor 16,13-14) wird sich thematisch durch den Gottesdienst ziehen. Mitwirkende sind u.a. der Chor Aspalatus C., Wiefelstede, und das Theater \u201erote Nase\u201c, Rastede. Die Liturgie \u00fcbernimmt Pfarrerin Friedgard M\u00f6llmann.<\/p>\n<p>Im Anschluss wird eingeladen zum Begegnungscaf\u00e9 im Rudolf-Bultmann-Haus.&nbsp;<\/p>\n<p>Im Gottesdienst werden erste Infos rund um den Kirchentag in Hannover vom 30. April bis zum 4. Mai 2025 in Hannover vorgestellt.<\/p>\n<p><strong>Evangelischer Kirchentag 2025 in Hannover<\/strong><br \/>\nDer 39. Deutsche Evangelische Kirchentag 2025 findet in Hannover statt \u2013 jener Stadt, in der die Kirchentagsbewegung vor 75 Jahren begr\u00fcndet wurde.&nbsp;<\/p>\n<p>Seit 2007 sind jedes Jahr alle Kirchengemeinden bundesweit eingeladen, ihren Gottesdienst zum KirchentagsSonntag zu feiern und sich so auf den kommenden Kirchentag einzustimmen. Der Gottesdienst soll neugierig machen, informieren, Lust machen und die Gemeinden einladen, den Kirchentag in ihre F\u00fcrbitte mit einzuschlie\u00dfen. Mit der Feier des KirchentagsSonntags kommt ein St\u00fcck des besonderen Flairs des Kirchentages in die Gemeinden.<\/p>\n<p><strong>Deutscher Evangelischer Kirchentag<\/strong><br \/>\nKirchentag ist einmalig: ein buntes Glaubens-, Kultur- und Musikfestival, eine Plattform f\u00fcr kritische Debatten, ein einzigartiger Anlass, um Gemeinschaft zu erleben! Und eine Einladung an ALLE zum Mitfeiern, Mitmachen, Ideen einbringen und Programm gestalten!<\/p>\n<p>Kirchentag ist mehr als f\u00fcnf Tage Gro\u00dfveranstaltung. Kirchentag gibt Impulse f\u00fcr verantwortliches Handeln und setzt Themen. Kirchentag bringt Menschen zusammen, die sich im Glauben st\u00e4rken und \u00fcber Fragen der Zeit austauschen: Wie k\u00f6nnen wir gemeinsam die Welt von morgen gestalten? Welchen Beitrag k\u00f6nnen wir als mutige Christ*innen leisten?<\/p>\n<p>Der Deutsche Evangelische Kirchentag wurde 1949 als christliche Laienbewegung gegr\u00fcndet und besteht bis heute als unabh\u00e4ngiger Verein fort. Alle zwei Jahre bringt er als Dialog- und Kulturevent viele tausend Menschen in einer anderen deutschen Gro\u00dfstadt zusammen.<\/p>\n<p><strong>Weitere Informationen zum Evangelischen Kirchentag finden Sie unter: <a href=\"https:\/\/www.kirchentag.de\/\">https:\/\/www.kirchentag.de\/<\/a>&nbsp;<\/strong><br \/>\n&nbsp;<\/p>\n<p>Kirche-Oldenburg<br \/>\n<a href=\"https:\/\/www.kirche-oldenburg.de\/\/aktuell\/pressemitteilungen\/artikel\/kirchentagssonntag-am-4-februar-in-wiefelstede\" target=\"_blank\" rel=\"noopener\">KirchentagsSonntag am 4. Februar in Wiefelstede\u00a0<\/a><\/p>\n","protected":false},"excerpt":{"rendered":"<p>Zur Einstimmung auf den Evangelischen Kirchentag 2025 in Hannover findet in der oldenburgischen Kirche am Sonntag, 4. Februar, der Kirchentagssonntag in der St.-Johannes-Kirche in Wiefelstede statt. Beginn ist um 10 Uhr. Das Motto des 39. Deutschen Evangelischen Kirchentags 2025 in Hannover \u201emutig \u2013 stark \u2013 beherzt\u201c (1. Kor 16,13-14) wird sich thematisch durch den Gottesdienst ziehen. Mitwirkende sind u.a. der Chor Aspalatus C., Wiefelstede, und das Theater \u201erote Nase\u201c, Rastede. Die Liturgie \u00fcbernimmt Pfarrerin Friedgard M\u00f6llmann. Im Anschluss wird eingeladen zum Begegnungscaf\u00e9 im Rudolf-Bultmann-Haus.&nbsp; Im Gottesdienst werden erste Infos rund um den Kirchentag in Hannover vom 30. April bis zum&#8230;<\/p>\n","protected":false},"author":7,"featured_media":0,"comment_status":"false","ping_status":"open","sticky":false,"template":"","format":"standard","meta":{"footnotes":""},"categories":[43],"tags":[44],"class_list":["post-26340","post","type-post","status-publish","format-standard","hentry","category-kirche-oldenburg","tag-kirche-oldenburg"],"_links":{"self":[{"href":"https:\/\/christusnews.de\/site\/wp-json\/wp\/v2\/posts\/26340","targetHints":{"allow":["GET"]}}],"collection":[{"href":"https:\/\/christusnews.de\/site\/wp-json\/wp\/v2\/posts"}],"about":[{"href":"https:\/\/christusnews.de\/site\/wp-json\/wp\/v2\/types\/post"}],"author":[{"embeddable":true,"href":"https:\/\/christusnews.de\/site\/wp-json\/wp\/v2\/users\/7"}],"replies":[{"embeddable":true,"href":"https:\/\/christusnews.de\/site\/wp-json\/wp\/v2\/comments?post=26340"}],"version-history":[{"count":1,"href":"https:\/\/christusnews.de\/site\/wp-json\/wp\/v2\/posts\/26340\/revisions"}],"predecessor-version":[{"id":26341,"href":"https:\/\/christusnews.de\/site\/wp-json\/wp\/v2\/posts\/26340\/revisions\/26341"}],"wp:attachment":[{"href":"https:\/\/christusnews.de\/site\/wp-json\/wp\/v2\/media?parent=26340"}],"wp:term":[{"taxonomy":"category","embeddable":true,"href":"https:\/\/christusnews.de\/site\/wp-json\/wp\/v2\/categories?post=26340"},{"taxonomy":"post_tag","embeddable":true,"href":"https:\/\/christusnews.de\/site\/wp-json\/wp\/v2\/tags?post=26340"}],"curies":[{"name":"wp","href":"https:\/\/api.w.org\/{rel}","templated":true}]}}