{"id":26344,"date":"2024-01-29T09:59:00","date_gmt":"2024-01-29T08:59:00","guid":{"rendered":"https:\/\/christusnews.de\/site\/die-kraft-des-miteinander-evangelische-fastenaktion-komm-rueber-sieben-wochen-ohne-alleingaenge\/"},"modified":"2024-01-30T10:17:53","modified_gmt":"2024-01-30T09:17:53","slug":"die-kraft-des-miteinander-evangelische-fastenaktion-komm-rueber-sieben-wochen-ohne-alleingaenge","status":"publish","type":"post","link":"https:\/\/christusnews.de\/site\/die-kraft-des-miteinander-evangelische-fastenaktion-komm-rueber-sieben-wochen-ohne-alleingaenge\/","title":{"rendered":"Die Kraft des Miteinander &#8211; Evangelische Fastenaktion: Komm r\u00fcber!  Sieben Wochen ohne Alleing\u00e4nge"},"content":{"rendered":"<p class=\"MsoPlainText\">Hannover\/Osnabr\u00fcck (epd). Die tropische Schmetterlingsart Heliconius ist ein Vorbild f\u00fcr Gemeinschaft. Die Tiere kommen sp\u00e4tnachmittags zu kleinen Gruppen zusammen und verbringen Forschern zufolge so die Zeit bis zum fr\u00fchen Morgen &#8211; auch, um Fressfeinde abzuschrecken. Unter dem Motto \u00abKomm r\u00fcber! Sieben Wochen ohne Alleing\u00e4nge\u00bb steht auch die diesj\u00e4hrige Fastenaktion der evangelischen Kirche. Die Initiative zwischen Aschermittwoch (14. Februar) und Ostern (31. M\u00e4rz) wirbt daf\u00fcr, bewusst Gemeinschaft zu leben.<\/p>\n<p class=\"MsoPlainText\">&nbsp;<\/p>\n<p class=\"MsoPlainText\">\u00abWir brauchen den Blick, das Ohr, die Hand der anderen\u00bb, erkl\u00e4rt der hannoversche Landesbischof Ralf Meister, Botschafter der Fastenaktion. Er\u00f6ffnet wird sie am 18. Februar mit einem ZDF-Fernsehgottesdienst in der Osnabr\u00fccker Kirche St. Katharinen.<\/p>\n<p class=\"MsoPlainText\">&nbsp;<\/p>\n<p class=\"MsoPlainText\">\u00abUnabh\u00e4ngigkeit bedeutet nicht immer die gro\u00dfe Freiheit\u00bb, schreibt Meister im Begleitheft von \u00ab7 Wochen Ohne\u00bb. Alleinsein schaffe zwar Geistesblitze, so gehe er selbst gern allein spazieren. Zum Tragen k\u00e4men Ideen aber nur durch die Resonanz anderer. Bei der Fastenaktion soll es daher um die Kraft des Miteinander gehen. Dabei f\u00e4llt der Blick nicht nur auf Beziehungen zu Partnern, Freunden und der Familie, sondern auch auf das Miteinander mit Menschen, die anderer Meinung sind.<\/p>\n<p class=\"MsoPlainText\">&nbsp;<\/p>\n<p class=\"MsoPlainText\">Pfarrer Christian Engels ruft im Begleitheft dazu auf, gegen\u00fcber Andersdenkenden dem ersten Instinkt der Gegenrede zu widerstehen. Auch vermeintlichen Widersachern sollten die Teilnehmer bewusst \u00abKomm r\u00fcber!\u00bb zurufen, erkl\u00e4rt der Leiter des Filmkulturellen Zentrums der Evangelischen Kirche in Deutschland.<\/p>\n<p class=\"MsoPlainText\">&nbsp;<\/p>\n<p class=\"MsoPlainText\">Laut dem Einsamkeitsforscher Marcus Mund kann der Diskurs mit Menschen, die eine andere Meinung haben, ein Abdriften in Filterblasen und Echokammern verhindern: \u00abEine offene Gesellschaft kann extreme Meinungen besser auffangen\u00bb, sagte der Wissenschaftler vom Institut f\u00fcr Psychologie an der Universit\u00e4t Klagenfurt dem Evangelischen Pressedienst (epd).<\/p>\n<p class=\"MsoPlainText\">&nbsp;<\/p>\n<p class=\"MsoPlainText\">Mund zufolge geht das Gef\u00fchl von Einsamkeit oftmals mit dem Nicht-W\u00e4hlen oder mit dem W\u00e4hlen von Parteien mit extremen politischen Ansichten einher. \u00abDas Gef\u00fchl, von anderen abgekoppelt zu sein und keine Ankn\u00fcpfungspunkte zu haben, wird verst\u00e4rkt, wenn alles immer abgetan wird.\u00bb<\/p>\n<p class=\"MsoPlainText\">&nbsp;<\/p>\n<p class=\"MsoPlainText\">Menschen ben\u00f6tigten das Miteinander, um sich eingebunden und best\u00e4tigt zu f\u00fchlen. \u00abAllein k\u00f6nnen wir nicht \u00fcberleben und brauchen zumindest punktuell Unterst\u00fctzung von anderen.\u00bb<\/p>\n<p class=\"MsoPlainText\">&nbsp;<\/p>\n<p class=\"MsoPlainText\">Einsamkeit kann auch krank machen. Sie beg\u00fcnstigt Studien zufolge Herz-Kreislauf-Erkrankungen, depressive Erkrankungen sowie Alkohol- und Tabakkonsum. Langandauernde Einsamkeit sei genauso sch\u00e4dlich wie der Konsum von 15 Zigaretten am Tag, erkl\u00e4ren die Psychologen Julianne Holt-Lunstad und ihr Kollege Timothy Smith von der Brigham Young University im US-Bundesstaat Utah im Fachmagazin \u00abPLoS Medicine\u00bb.<\/p>\n<p class=\"MsoPlainText\">&nbsp;<\/p>\n<p class=\"MsoPlainText\">Mund zufolge wird das Bed\u00fcrfnis nach Gemeinschaft in der psychologischen Literatur als Grundbed\u00fcrfnis diskutiert. Es sei in etwa gleichzusetzen mit Hunger und Durst. Nicht jeder Mensch sei jedoch in der Lage, dieses Bed\u00fcrfnis selbst zu stillen. Vor allem introvertierte, sch\u00fcchterne Menschen, die zudem einen geringen Selbstwert h\u00e4tten, neigten zu Einsamkeit.<\/p>\n<p class=\"MsoPlainText\">&nbsp;<\/p>\n<p class=\"MsoPlainText\">Manche f\u00fchlten sich, so Mund, in Gesellschaft teilweise sogar einsamer als allein. Sie br\u00e4uchten gesch\u00fctzte, immer wiederkehrende Gruppen, um sich wohlzuf\u00fchlen. Weil es sch\u00fcchternen und einsamen Menschen schwerfalle, auf andere zuzugehen, sei es \u00abwichtig, Personen Gespr\u00e4chsangebote zu machen, von denen wir den Eindruck haben, dass sie einsam sind\u00bb, betont Mund.<\/p>\n<p class=\"MsoPlainText\">&nbsp;<\/p>\n<p class=\"MsoPlainText\">Anders als den Heliconius-Schmetterling, dessen Verhalten Forschende der University of California untersuchten, sch\u00fctzt die Gemeinschaft den Menschen nicht nur vor Angriffen und Einsamkeit. Miteinander macht auch einfach vieles mehr Spa\u00df: Gemeinschaft habe einen \u00abbefreienden und erheiternden Charakter\u00bb, schreibt der Philosoph und Soziologe Georg Simmel (1858-1918) in seinem Werk \u00abGrundfragen der Soziologie: Individuum und Gesellschaft\u00bb. Im geselligen Zusammensein w\u00fcrden die Aufgaben und die Schwere des Lebens \u00abin gleichsam artistischem Spiel genossen\u00bb.<\/p>\n<p>Kirche-Oldenburg<br \/>\n<a href=\"https:\/\/www.kirche-oldenburg.de\/\/aktuell\/news-niedersachsen\/artikel\/die-kraft-des-miteinander-evangelische-fastenaktion-komm-rueber-sieben-wochen-ohne-alleingaenge\" target=\"_blank\" rel=\"noopener\">Die Kraft des Miteinander &#8211; Evangelische Fastenaktion: Komm r\u00fcber!  Sieben Wochen ohne Alleing\u00e4nge<\/a><\/p>\n","protected":false},"excerpt":{"rendered":"<p>Hannover\/Osnabr\u00fcck (epd). Die tropische Schmetterlingsart Heliconius ist ein Vorbild f\u00fcr Gemeinschaft. Die Tiere kommen sp\u00e4tnachmittags zu kleinen Gruppen zusammen und verbringen Forschern zufolge so die Zeit bis zum fr\u00fchen Morgen &#8211; auch, um Fressfeinde abzuschrecken. Unter dem Motto \u00abKomm r\u00fcber! Sieben Wochen ohne Alleing\u00e4nge\u00bb steht auch die diesj\u00e4hrige Fastenaktion der evangelischen Kirche. Die Initiative zwischen Aschermittwoch (14. Februar) und Ostern (31. M\u00e4rz) wirbt daf\u00fcr, bewusst Gemeinschaft zu leben. &nbsp; \u00abWir brauchen den Blick, das Ohr, die Hand der anderen\u00bb, erkl\u00e4rt der hannoversche Landesbischof Ralf Meister, Botschafter der Fastenaktion. Er\u00f6ffnet wird sie am 18. Februar mit einem ZDF-Fernsehgottesdienst in der Osnabr\u00fccker&#8230;<\/p>\n","protected":false},"author":7,"featured_media":0,"comment_status":"false","ping_status":"open","sticky":false,"template":"","format":"standard","meta":{"footnotes":""},"categories":[43],"tags":[44],"class_list":["post-26344","post","type-post","status-publish","format-standard","hentry","category-kirche-oldenburg","tag-kirche-oldenburg"],"_links":{"self":[{"href":"https:\/\/christusnews.de\/site\/wp-json\/wp\/v2\/posts\/26344","targetHints":{"allow":["GET"]}}],"collection":[{"href":"https:\/\/christusnews.de\/site\/wp-json\/wp\/v2\/posts"}],"about":[{"href":"https:\/\/christusnews.de\/site\/wp-json\/wp\/v2\/types\/post"}],"author":[{"embeddable":true,"href":"https:\/\/christusnews.de\/site\/wp-json\/wp\/v2\/users\/7"}],"replies":[{"embeddable":true,"href":"https:\/\/christusnews.de\/site\/wp-json\/wp\/v2\/comments?post=26344"}],"version-history":[{"count":1,"href":"https:\/\/christusnews.de\/site\/wp-json\/wp\/v2\/posts\/26344\/revisions"}],"predecessor-version":[{"id":26345,"href":"https:\/\/christusnews.de\/site\/wp-json\/wp\/v2\/posts\/26344\/revisions\/26345"}],"wp:attachment":[{"href":"https:\/\/christusnews.de\/site\/wp-json\/wp\/v2\/media?parent=26344"}],"wp:term":[{"taxonomy":"category","embeddable":true,"href":"https:\/\/christusnews.de\/site\/wp-json\/wp\/v2\/categories?post=26344"},{"taxonomy":"post_tag","embeddable":true,"href":"https:\/\/christusnews.de\/site\/wp-json\/wp\/v2\/tags?post=26344"}],"curies":[{"name":"wp","href":"https:\/\/api.w.org\/{rel}","templated":true}]}}