{"id":26350,"date":"2024-01-30T09:01:00","date_gmt":"2024-01-30T08:01:00","guid":{"rendered":"https:\/\/christusnews.de\/site\/politikwissenschaftler-demonstrationen-koennen-afd-schwaechen\/"},"modified":"2024-01-31T10:17:33","modified_gmt":"2024-01-31T09:17:33","slug":"politikwissenschaftler-demonstrationen-koennen-afd-schwaechen","status":"publish","type":"post","link":"https:\/\/christusnews.de\/site\/politikwissenschaftler-demonstrationen-koennen-afd-schwaechen\/","title":{"rendered":"Politikwissenschaftler: Demonstrationen k\u00f6nnen AfD schw\u00e4chen"},"content":{"rendered":"<p class=\"MsoPlainText\">Hannover (epd). Der Politikwissenschaftler und Kommunikationsberater Johannes Hillje sieht in den Protesten gegen die AfD eine M\u00f6glichkeit zur Schw\u00e4chung der Partei bei Wahlen. \u00abDie Demonstrationen haben das Potenzial, die AfD bundesweit um ein paar Prozentpunkte zu schw\u00e4chen\u00bb, sagte er dem \u00abRedaktionsNetzwerk Deutschland\u00bb (Dienstag).&nbsp;Die Verlustpotenziale l\u00e4gen bei den neueren AfD-Anh\u00e4ngern, die von anderen Parteien und aus dem Lager der Nichtw\u00e4hler zur AfD gewechselt seien. Das Wachstum der AfD scheine gebremst.<\/p>\n<p class=\"MsoPlainText\">&nbsp;<\/p>\n<p class=\"MsoPlainText\">\u00abMan wird mit diesen Demos niemanden aus der Stammw\u00e4hlerschaft der AfD \u00fcberzeugen k\u00f6nnen\u00bb, sagte Hillje, der in Berlin und Br\u00fcssel als selbstst\u00e4ndiger Politik- und Kommunikationsberater t\u00e4tig ist. Die Stammw\u00e4hler k\u00f6nnten im Gegenteil noch gefestigter werden, weil Angriffe von au\u00dfen den inneren Zusammenhalte st\u00e4rken k\u00f6nnten. Bei frustrierten Wechselw\u00e4hlern, die von der AfD nicht voll \u00fcberzeugt seien, k\u00f6nne aber ein Reflexionsprozess einsetzen.<\/p>\n<p class=\"MsoPlainText\">&nbsp;<\/p>\n<p class=\"MsoPlainText\">\u00abWenn die Stimmung dieser Demos auch im Arbeitsumfeld, im Freundeskreis oder im Sportverein Einzug h\u00e4lt, wird es sozial unerw\u00fcnschter, sich mit der AfD zu identifizieren\u00bb, erl\u00e4uterte der aus Oldenburg stammende Politikwissenschaftler und gelernte Journalist, der zur AfD promoviert hat. Die Demonstrationen sorgten f\u00fcr eine \u00abPolitisierung und Mobilisierung der demokratischen Mitte\u00bb gegen den Rechtsextremismus. \u00abWir erleben eine wehrhafte Demokratie von unten.\u00bb<\/p>\n<p>Kirche-Oldenburg<br \/>\n<a href=\"https:\/\/www.kirche-oldenburg.de\/\/aktuell\/news-niedersachsen\/artikel\/politikwissenschaftler-demonstrationen-koennen-afd-schwaechen\" target=\"_blank\" rel=\"noopener\">Politikwissenschaftler: Demonstrationen k\u00f6nnen AfD schw\u00e4chen<\/a><\/p>\n","protected":false},"excerpt":{"rendered":"<p>Hannover (epd). Der Politikwissenschaftler und Kommunikationsberater Johannes Hillje sieht in den Protesten gegen die AfD eine M\u00f6glichkeit zur Schw\u00e4chung der Partei bei Wahlen. \u00abDie Demonstrationen haben das Potenzial, die AfD bundesweit um ein paar Prozentpunkte zu schw\u00e4chen\u00bb, sagte er dem \u00abRedaktionsNetzwerk Deutschland\u00bb (Dienstag).&nbsp;Die Verlustpotenziale l\u00e4gen bei den neueren AfD-Anh\u00e4ngern, die von anderen Parteien und aus dem Lager der Nichtw\u00e4hler zur AfD gewechselt seien. Das Wachstum der AfD scheine gebremst. &nbsp; \u00abMan wird mit diesen Demos niemanden aus der Stammw\u00e4hlerschaft der AfD \u00fcberzeugen k\u00f6nnen\u00bb, sagte Hillje, der in Berlin und Br\u00fcssel als selbstst\u00e4ndiger Politik- und Kommunikationsberater t\u00e4tig ist. Die Stammw\u00e4hler k\u00f6nnten&#8230;<\/p>\n","protected":false},"author":7,"featured_media":0,"comment_status":"false","ping_status":"open","sticky":false,"template":"","format":"standard","meta":{"footnotes":""},"categories":[43],"tags":[44],"class_list":["post-26350","post","type-post","status-publish","format-standard","hentry","category-kirche-oldenburg","tag-kirche-oldenburg"],"_links":{"self":[{"href":"https:\/\/christusnews.de\/site\/wp-json\/wp\/v2\/posts\/26350","targetHints":{"allow":["GET"]}}],"collection":[{"href":"https:\/\/christusnews.de\/site\/wp-json\/wp\/v2\/posts"}],"about":[{"href":"https:\/\/christusnews.de\/site\/wp-json\/wp\/v2\/types\/post"}],"author":[{"embeddable":true,"href":"https:\/\/christusnews.de\/site\/wp-json\/wp\/v2\/users\/7"}],"replies":[{"embeddable":true,"href":"https:\/\/christusnews.de\/site\/wp-json\/wp\/v2\/comments?post=26350"}],"version-history":[{"count":1,"href":"https:\/\/christusnews.de\/site\/wp-json\/wp\/v2\/posts\/26350\/revisions"}],"predecessor-version":[{"id":26351,"href":"https:\/\/christusnews.de\/site\/wp-json\/wp\/v2\/posts\/26350\/revisions\/26351"}],"wp:attachment":[{"href":"https:\/\/christusnews.de\/site\/wp-json\/wp\/v2\/media?parent=26350"}],"wp:term":[{"taxonomy":"category","embeddable":true,"href":"https:\/\/christusnews.de\/site\/wp-json\/wp\/v2\/categories?post=26350"},{"taxonomy":"post_tag","embeddable":true,"href":"https:\/\/christusnews.de\/site\/wp-json\/wp\/v2\/tags?post=26350"}],"curies":[{"name":"wp","href":"https:\/\/api.w.org\/{rel}","templated":true}]}}