{"id":26354,"date":"2024-01-31T20:47:58","date_gmt":"2024-01-31T19:47:58","guid":{"rendered":"https:\/\/christusnews.de\/site\/oldenburger-diakonie-muss-zwei-altenheime-als-insolvent-melden\/"},"modified":"2024-02-01T10:17:20","modified_gmt":"2024-02-01T09:17:20","slug":"oldenburger-diakonie-muss-zwei-altenheime-als-insolvent-melden","status":"publish","type":"post","link":"https:\/\/christusnews.de\/site\/oldenburger-diakonie-muss-zwei-altenheime-als-insolvent-melden\/","title":{"rendered":"Oldenburger Diakonie muss zwei Altenheime als insolvent melden"},"content":{"rendered":"<p>Oldenburg (epd). Die Diakonie im Oldenburger Land befindet sich wirtschaftlich im schweren Fahrwasser. Seit Jahresbeginn musste der evangelische Sozialverband bereits vier seiner Einrichtungen beim Amtsgericht als insolvent anmelden, berichteten am Mittwoch die beiden Diakonie-Vorst\u00e4nde Friedrich Ley und Mario Behrends. Nach der Dietrich-Bonhoeffer-Klinik f\u00fcr suchtkranke Jugendliche und der Service-Gesellschaft Diadema sind nun auch die Senioreneinrichtungen \u201eHaarentor\u201c in Oldenburg und \u201eto huus achtern Diek\u201c in Blexen im Landkreis Wesermarsch von der akuten Zahlungsunf\u00e4higkeit bedroht. Die Insolvenzverfahren seien wirtschaftlich alternativlos und juristisch unvermeidlich.<br \/>\n&nbsp; &nbsp;<br \/>\nBeide Senioreneinrichtungen h\u00e4tten derzeit massiv mit Personal- und Strukturproblemen zu k\u00e4mpfen, erl\u00e4uterte der kaufm\u00e4nnische Vorstand Mario Behrends. Der Gesetzgeber verlange einen bestimmten Personalschl\u00fcssel pro Bewohner. Aufgrund des Fachkr\u00e4ftemangels gebe aber es nicht genug Personal. Darum k\u00f6nnten etliche Betten trotz voller Wartelisten nicht belegt werden.<br \/>\n&nbsp; &nbsp;<br \/>\nEine Senioreneinrichtung ist Ley zufolge nur dann ausk\u00f6mmlich finanziert, wenn 98 Prozent der Pl\u00e4tze belegt sind. Das sei schon sportlich, wenn alle Stellen eines Hauses besetzt sind. Noch schwieriger werde es, wenn es nicht gen\u00fcgend Pflegekr\u00e4fte gebe. \u00dcber teure Personaldienstleister k\u00f6nnten allenfalls Spitzen abgefangen werden. \u201eSie sind aber keine dauerhafte L\u00f6sung.\u201c Im Haus \u201eHaarentor\u201c seien darum nur 61 von 70 Pl\u00e4tzen belegt und in Blexen lediglich 85 der 108 Pflegepl\u00e4tze. Hinzu komme ein erheblicher Investitionsstau. Dadurch sei eine existenzbedrohende Situation entstanden.<br \/>\n&nbsp; &nbsp;<br \/>\nDie Bewohnerinnen und Bewohner sowie die Besch\u00e4ftigten der Senioreneinrichtungen seien informiert worden, sagte der theologische Vorstand Ley. Der Betrieb laufe in beiden H\u00e4usern zun\u00e4chst weiter. Auch die Geh\u00e4lter seien \u00fcber das Insolvenzgeld in den n\u00e4chsten drei Monaten gesichert. F\u00fcr beide H\u00e4user werde nun ein Insolvenzverwalter bestellt, um ihnen eine neue Zukunftsperspektive zu geben.<br \/>\n&nbsp; &nbsp;<br \/>\nLey und Behrends sind erst seit dem 2. Januar die Chefs der Diakonie im Oldenburger Land. Ihre Vorg\u00e4nger, Thomas Feld und Uwe Kollmann, waren Ende 2023 in den Ruhestand getreten. Kollmann hatte schon im November angek\u00fcndigt, dass die Diakonie das Wirtschaftsjahr 2023 voraussichtlich mit einem Verlust von zwei Millionen Euro abschlie\u00dfen werde.<br \/>\n&nbsp; &nbsp;<br \/>\nDie Diakonie im Oldenburger Land ist in der Altenhilfe, der F\u00f6rderung und Therapie, Jugendhilfe, Suchtkranken- und Gef\u00e4hrdetenhilfe, der Kirchenkreissozialarbeit und der Wohnungslosenhilfe t\u00e4tig. Insgesamt besch\u00e4ftigt sie eigenen Angaben zufolge etwa 1.500 Mitarbeitende in der Region.<\/p>\n<p>Kirche-Oldenburg<br \/>\n<a href=\"https:\/\/www.kirche-oldenburg.de\/\/aktuell\/news-niedersachsen\/artikel\/oldenburger-diakonie-muss-zwei-altenheime-als-insolvent-melden\" target=\"_blank\" rel=\"noopener\">Oldenburger Diakonie muss zwei Altenheime als insolvent melden<\/a><\/p>\n","protected":false},"excerpt":{"rendered":"<p>Oldenburg (epd). Die Diakonie im Oldenburger Land befindet sich wirtschaftlich im schweren Fahrwasser. Seit Jahresbeginn musste der evangelische Sozialverband bereits vier seiner Einrichtungen beim Amtsgericht als insolvent anmelden, berichteten am Mittwoch die beiden Diakonie-Vorst\u00e4nde Friedrich Ley und Mario Behrends. Nach der Dietrich-Bonhoeffer-Klinik f\u00fcr suchtkranke Jugendliche und der Service-Gesellschaft Diadema sind nun auch die Senioreneinrichtungen \u201eHaarentor\u201c in Oldenburg und \u201eto huus achtern Diek\u201c in Blexen im Landkreis Wesermarsch von der akuten Zahlungsunf\u00e4higkeit bedroht. Die Insolvenzverfahren seien wirtschaftlich alternativlos und juristisch unvermeidlich. &nbsp; &nbsp; Beide Senioreneinrichtungen h\u00e4tten derzeit massiv mit Personal- und Strukturproblemen zu k\u00e4mpfen, erl\u00e4uterte der kaufm\u00e4nnische Vorstand Mario Behrends. Der&#8230;<\/p>\n","protected":false},"author":7,"featured_media":0,"comment_status":"false","ping_status":"open","sticky":false,"template":"","format":"standard","meta":{"footnotes":""},"categories":[43],"tags":[44],"class_list":["post-26354","post","type-post","status-publish","format-standard","hentry","category-kirche-oldenburg","tag-kirche-oldenburg"],"_links":{"self":[{"href":"https:\/\/christusnews.de\/site\/wp-json\/wp\/v2\/posts\/26354","targetHints":{"allow":["GET"]}}],"collection":[{"href":"https:\/\/christusnews.de\/site\/wp-json\/wp\/v2\/posts"}],"about":[{"href":"https:\/\/christusnews.de\/site\/wp-json\/wp\/v2\/types\/post"}],"author":[{"embeddable":true,"href":"https:\/\/christusnews.de\/site\/wp-json\/wp\/v2\/users\/7"}],"replies":[{"embeddable":true,"href":"https:\/\/christusnews.de\/site\/wp-json\/wp\/v2\/comments?post=26354"}],"version-history":[{"count":1,"href":"https:\/\/christusnews.de\/site\/wp-json\/wp\/v2\/posts\/26354\/revisions"}],"predecessor-version":[{"id":26355,"href":"https:\/\/christusnews.de\/site\/wp-json\/wp\/v2\/posts\/26354\/revisions\/26355"}],"wp:attachment":[{"href":"https:\/\/christusnews.de\/site\/wp-json\/wp\/v2\/media?parent=26354"}],"wp:term":[{"taxonomy":"category","embeddable":true,"href":"https:\/\/christusnews.de\/site\/wp-json\/wp\/v2\/categories?post=26354"},{"taxonomy":"post_tag","embeddable":true,"href":"https:\/\/christusnews.de\/site\/wp-json\/wp\/v2\/tags?post=26354"}],"curies":[{"name":"wp","href":"https:\/\/api.w.org\/{rel}","templated":true}]}}