{"id":26356,"date":"2024-01-31T20:46:22","date_gmt":"2024-01-31T19:46:22","guid":{"rendered":"https:\/\/christusnews.de\/site\/kirchentag-rechtsextremismus-und-christlicher-glaube-unvereinbar\/"},"modified":"2024-02-01T10:17:20","modified_gmt":"2024-02-01T09:17:20","slug":"kirchentag-rechtsextremismus-und-christlicher-glaube-unvereinbar","status":"publish","type":"post","link":"https:\/\/christusnews.de\/site\/kirchentag-rechtsextremismus-und-christlicher-glaube-unvereinbar\/","title":{"rendered":"Kirchentag: Rechtsextremismus und christlicher Glaube unvereinbar"},"content":{"rendered":"<p>Fulda\/Hannover (epd). Der Deutsche Evangelische Kirchentag hat sich gegen rechts positioniert. \u201eRechtsextremismus und christlicher Glaube sind unvereinbar, denn Gott hat alle Menschen gleich geschaffen\u201c, erkl\u00e4rte die Kirchentagspr\u00e4sidentin und ehemalige Gr\u00fcnen-Politikerin Anja Siegesmund am Mittwoch im hessischen Fulda: \u201eN\u00e4chstenliebe verlangt Klarheit: Christinnen und Christen m\u00fcssen konsequent Position f\u00fcr Freiheit und Gleichheit, Demokratie und Menschenrechte beziehen.\u201c Die fr\u00fchere th\u00fcringische Umweltministerin leitet den Deutschen Evangelische Kirchentag 2025 in Hannover.<br \/>\n&nbsp; &nbsp;<br \/>\n\u201eUnser Kreuz ist das Zeichen der Mitmenschlichkeit\u201c, f\u00fcgte Siegesmund hinzu. Auch das Kirchentagsteam beteilige sich an den derzeit stattfindenden Kundgebungen gegen rechts. Ausl\u00f6ser der Protestwelle war ein Bericht des Recherche-Netzwerks \u201eCorrectiv\u201c \u00fcber ein Treffen von AfD-Politikern mit rechten Aktivisten und Privatleuten, bei dem \u00fcber die massenhafte Ausweisung von Menschen mit Migrationsgeschichte gesprochen worden sein soll. Am Vortag hatten den Angaben zufolge rund 8.500 Menschen auch in Fulda f\u00fcr Demokratie, Toleranz und Vielfalt demonstriert.<br \/>\n&nbsp; &nbsp;<br \/>\nDer Deutsche Evangelische Kirchentag wurde 1949 als christliche Laienbewegung gegr\u00fcndet. Alle zwei Jahre bringt er viele tausend Menschen in einer anderen deutschen Gro\u00dfstadt zusammen. Der n\u00e4chste Kirchentag findet vom 30. April bis 4. Mai 2025 in der nieders\u00e4chsischen Landeshauptstadt statt. Er steht unter der biblischen Losung \u201emutig &#8211; stark &#8211; beherzt\u201c.<\/p>\n<p>Kirche-Oldenburg<br \/>\n<a href=\"https:\/\/www.kirche-oldenburg.de\/\/aktuell\/news-niedersachsen\/artikel\/kirchentag-rechtsextremismus-und-christlicher-glaube-unvereinbar\" target=\"_blank\" rel=\"noopener\">Kirchentag: Rechtsextremismus und christlicher Glaube unvereinbar<\/a><\/p>\n","protected":false},"excerpt":{"rendered":"<p>Fulda\/Hannover (epd). Der Deutsche Evangelische Kirchentag hat sich gegen rechts positioniert. \u201eRechtsextremismus und christlicher Glaube sind unvereinbar, denn Gott hat alle Menschen gleich geschaffen\u201c, erkl\u00e4rte die Kirchentagspr\u00e4sidentin und ehemalige Gr\u00fcnen-Politikerin Anja Siegesmund am Mittwoch im hessischen Fulda: \u201eN\u00e4chstenliebe verlangt Klarheit: Christinnen und Christen m\u00fcssen konsequent Position f\u00fcr Freiheit und Gleichheit, Demokratie und Menschenrechte beziehen.\u201c Die fr\u00fchere th\u00fcringische Umweltministerin leitet den Deutschen Evangelische Kirchentag 2025 in Hannover. &nbsp; &nbsp; \u201eUnser Kreuz ist das Zeichen der Mitmenschlichkeit\u201c, f\u00fcgte Siegesmund hinzu. Auch das Kirchentagsteam beteilige sich an den derzeit stattfindenden Kundgebungen gegen rechts. Ausl\u00f6ser der Protestwelle war ein Bericht des Recherche-Netzwerks \u201eCorrectiv\u201c \u00fcber&#8230;<\/p>\n","protected":false},"author":7,"featured_media":0,"comment_status":"false","ping_status":"open","sticky":false,"template":"","format":"standard","meta":{"footnotes":""},"categories":[43],"tags":[44],"class_list":["post-26356","post","type-post","status-publish","format-standard","hentry","category-kirche-oldenburg","tag-kirche-oldenburg"],"_links":{"self":[{"href":"https:\/\/christusnews.de\/site\/wp-json\/wp\/v2\/posts\/26356","targetHints":{"allow":["GET"]}}],"collection":[{"href":"https:\/\/christusnews.de\/site\/wp-json\/wp\/v2\/posts"}],"about":[{"href":"https:\/\/christusnews.de\/site\/wp-json\/wp\/v2\/types\/post"}],"author":[{"embeddable":true,"href":"https:\/\/christusnews.de\/site\/wp-json\/wp\/v2\/users\/7"}],"replies":[{"embeddable":true,"href":"https:\/\/christusnews.de\/site\/wp-json\/wp\/v2\/comments?post=26356"}],"version-history":[{"count":1,"href":"https:\/\/christusnews.de\/site\/wp-json\/wp\/v2\/posts\/26356\/revisions"}],"predecessor-version":[{"id":26357,"href":"https:\/\/christusnews.de\/site\/wp-json\/wp\/v2\/posts\/26356\/revisions\/26357"}],"wp:attachment":[{"href":"https:\/\/christusnews.de\/site\/wp-json\/wp\/v2\/media?parent=26356"}],"wp:term":[{"taxonomy":"category","embeddable":true,"href":"https:\/\/christusnews.de\/site\/wp-json\/wp\/v2\/categories?post=26356"},{"taxonomy":"post_tag","embeddable":true,"href":"https:\/\/christusnews.de\/site\/wp-json\/wp\/v2\/tags?post=26356"}],"curies":[{"name":"wp","href":"https:\/\/api.w.org\/{rel}","templated":true}]}}