{"id":26360,"date":"2024-02-01T21:56:29","date_gmt":"2024-02-01T20:56:29","guid":{"rendered":"https:\/\/christusnews.de\/site\/kirchen-und-hilfswerke-rufen-zum-10-mal-zum-klimafasten-auf\/"},"modified":"2024-02-02T10:17:20","modified_gmt":"2024-02-02T09:17:20","slug":"kirchen-und-hilfswerke-rufen-zum-10-mal-zum-klimafasten-auf","status":"publish","type":"post","link":"https:\/\/christusnews.de\/site\/kirchen-und-hilfswerke-rufen-zum-10-mal-zum-klimafasten-auf\/","title":{"rendered":"Kirchen und Hilfswerke rufen zum 10. Mal zum Klimafasten auf"},"content":{"rendered":"<p>Hannover\/Schwerte (epd). Unter dem Motto \u00abSo viel du brauchst\u00bb laden evangelische Landeskirchen, katholische Bist\u00fcmer und kirchliche Hilfswerke auch in diesem Jahr zum \u00abKlimafasten\u00bb ein. Die zehnte Ausgabe der \u00f6kumenischen Aktion f\u00fcr Klimaschutz und Klimagerechtigkeit startet am Aschermittwoch, dem 14. Februar, und endet am Karsamstag, dem 30. M\u00e4rz, wie die Evangelische Kirche von Westfalen als Koordinatorin der 24 Veranstalter am Donnerstag in Schwerte mitteilte. \u00abMit dem Klimafasten kann jede und jeder zum Klimaschutz beitragen\u00bb, erkl\u00e4rte der zust\u00e4ndige Dezernent der westf\u00e4lischen Kirche, Jan-Dirk D\u00f6hling. Deshalb sei in der Landeskirche vor zehn Jahren die Idee entstanden, Klimaschutz ins Zentrum der Fastenzeit zu stellen.<br \/>\n&nbsp; &nbsp;<br \/>\n&nbsp; &nbsp;Die sieben Fastenwochen sind verschiedenen Schwerpunkten gewidmet. Stets gehe es darum, Neues auszuprobieren, Gewohnheiten zu hinterfragen und das eigene Verhalten nachhaltig zu ver\u00e4ndern, hie\u00df es. F\u00fcr das \u00abrichtige Ma\u00df\u00bb in Woche eins wird unter anderem die Nutzung einer Nachbarschafts-App vorgeschlagen, mit der man Werkzeuge verleihen oder ausleihen kann. Die eigene Wohnung k\u00f6nne entr\u00fcmpelt und im Anschluss ein Flohmarkt oder eine Kleidertauschparty organisiert werden. In Woche f\u00fcnf geht es um Finanzen und Politik, die Vorschl\u00e4ge reichen vom Sparen und Versichern \u00fcber nachhaltige Geldanlagen bis zu einem Brief an politisch Verantwortliche mit der Forderung nach mehr Klimaschutz. Weitere Wochenthemen sind Ern\u00e4hrung, Energie, Mobilit\u00e4t und lokales Handeln.<br \/>\n&nbsp; &nbsp;<br \/>\n&nbsp; &nbsp;Neu ist in diesem Jahr das Projekt \u00abklimafit-Challenge\u00bb: In einer Gruppe kann ausprobiert werden, wie viel CO2 man mit verschiedenen Ma\u00dfnahmen konkret einsparen kann, indem man mal das Auto stehen l\u00e4sst oder weniger Fleisch und daf\u00fcr mehr Gem\u00fcse auf den Teller bringt. Wer teilnimmt, erh\u00e4lt seine pers\u00f6nliche Klimabilanz und erf\u00e4hrt, wie viel Treibhausgase er oder sie im Aktionszeitraum eingespart hat und wie viel die Gruppe insgesamt.<br \/>\n&nbsp; &nbsp;<br \/>\n&nbsp; &nbsp;\u00abWenn wir uns bewusst machen, was unser Verbrauch f\u00fcr Menschen an anderen Orten dieser Welt bedeutet, ver\u00e4ndern wir unser Verhalten\u00bb, erkl\u00e4rte Landesbisch\u00f6fin Kristina K\u00fchnbaum-Schmidt von der evangelischen Nordkirche als Schirmherrin der Aktion. \u00abDas kann ein wichtiger Beitrag sein zu mehr Ressourcengerechtigkeit\u00bb, betonte die Beauftragte f\u00fcr Sch\u00f6pfungsverantwortung der Evangelischen Kirche in Deutschland (EKD). Weitere Schirmherren des \u00abKlimafastens\u00bb sind Weihbischof Rolf Lohmann f\u00fcr die katholische Deutsche Bischofskonferenz und Harald R\u00fcckert von der Evangelisch-methodistischen Kirche.<br \/>\n&nbsp; &nbsp;<br \/>\n&nbsp; &nbsp;An der \u00f6kumenischen Initiative \u00abKlimafasten\u00bb beteiligen sich 22 Landeskirchen und Bist\u00fcmer sowie die Hilfswerke \u00abBrot f\u00fcr die Welt\u00bb und Misereor. Die Aktion wird auf Instagram, Facebook und YouTube mit Videos, Fotos und interaktiven Elementen begleitet.<\/p>\n<p>Kirche-Oldenburg<br \/>\n<a href=\"https:\/\/www.kirche-oldenburg.de\/\/aktuell\/news-niedersachsen\/artikel\/kirchen-und-hilfswerke-rufen-zum-10-mal-zum-klimafasten-auf\" target=\"_blank\" rel=\"noopener\">Kirchen und Hilfswerke rufen zum 10. Mal zum Klimafasten auf<\/a><\/p>\n","protected":false},"excerpt":{"rendered":"<p>Hannover\/Schwerte (epd). Unter dem Motto \u00abSo viel du brauchst\u00bb laden evangelische Landeskirchen, katholische Bist\u00fcmer und kirchliche Hilfswerke auch in diesem Jahr zum \u00abKlimafasten\u00bb ein. Die zehnte Ausgabe der \u00f6kumenischen Aktion f\u00fcr Klimaschutz und Klimagerechtigkeit startet am Aschermittwoch, dem 14. Februar, und endet am Karsamstag, dem 30. M\u00e4rz, wie die Evangelische Kirche von Westfalen als Koordinatorin der 24 Veranstalter am Donnerstag in Schwerte mitteilte. \u00abMit dem Klimafasten kann jede und jeder zum Klimaschutz beitragen\u00bb, erkl\u00e4rte der zust\u00e4ndige Dezernent der westf\u00e4lischen Kirche, Jan-Dirk D\u00f6hling. Deshalb sei in der Landeskirche vor zehn Jahren die Idee entstanden, Klimaschutz ins Zentrum der Fastenzeit zu stellen&#8230;.<\/p>\n","protected":false},"author":7,"featured_media":0,"comment_status":"false","ping_status":"open","sticky":false,"template":"","format":"standard","meta":{"footnotes":""},"categories":[43],"tags":[44],"class_list":["post-26360","post","type-post","status-publish","format-standard","hentry","category-kirche-oldenburg","tag-kirche-oldenburg"],"_links":{"self":[{"href":"https:\/\/christusnews.de\/site\/wp-json\/wp\/v2\/posts\/26360","targetHints":{"allow":["GET"]}}],"collection":[{"href":"https:\/\/christusnews.de\/site\/wp-json\/wp\/v2\/posts"}],"about":[{"href":"https:\/\/christusnews.de\/site\/wp-json\/wp\/v2\/types\/post"}],"author":[{"embeddable":true,"href":"https:\/\/christusnews.de\/site\/wp-json\/wp\/v2\/users\/7"}],"replies":[{"embeddable":true,"href":"https:\/\/christusnews.de\/site\/wp-json\/wp\/v2\/comments?post=26360"}],"version-history":[{"count":1,"href":"https:\/\/christusnews.de\/site\/wp-json\/wp\/v2\/posts\/26360\/revisions"}],"predecessor-version":[{"id":26361,"href":"https:\/\/christusnews.de\/site\/wp-json\/wp\/v2\/posts\/26360\/revisions\/26361"}],"wp:attachment":[{"href":"https:\/\/christusnews.de\/site\/wp-json\/wp\/v2\/media?parent=26360"}],"wp:term":[{"taxonomy":"category","embeddable":true,"href":"https:\/\/christusnews.de\/site\/wp-json\/wp\/v2\/categories?post=26360"},{"taxonomy":"post_tag","embeddable":true,"href":"https:\/\/christusnews.de\/site\/wp-json\/wp\/v2\/tags?post=26360"}],"curies":[{"name":"wp","href":"https:\/\/api.w.org\/{rel}","templated":true}]}}