{"id":26366,"date":"2024-02-02T16:10:18","date_gmt":"2024-02-02T15:10:18","guid":{"rendered":"https:\/\/christusnews.de\/site\/140-banner-im-oldenburger-land-werben-fuer-suche-nach-frieden\/"},"modified":"2024-02-02T22:17:20","modified_gmt":"2024-02-02T21:17:20","slug":"140-banner-im-oldenburger-land-werben-fuer-suche-nach-frieden","status":"publish","type":"post","link":"https:\/\/christusnews.de\/site\/140-banner-im-oldenburger-land-werben-fuer-suche-nach-frieden\/","title":{"rendered":"140 Banner im Oldenburger Land werben f\u00fcr Suche nach Frieden"},"content":{"rendered":"<p>Mit 140 Bannern an Kirchen und Gemeindeh\u00e4usern im ganzen Oldenburger Land werben die Ev.-Luth. Kirche in Oldenburg und ihre 107 Kirchengemeinden f\u00fcr die Suche nach Frieden. Mit den Psalmworten \u201eSuche Frieden und jage ihm nach!\u201c (Psalm 34,15) auf den ein mal drei Meter gro\u00dfen Bannern soll die Verpflichtung deutlich werden, konsequent und mit aller Kraft um Frieden in dieser Welt zu ringen, \u201eals Mahnung f\u00fcr die Welt und als Erinnerung f\u00fcr uns selbst, den Frieden, der noch werden muss, nicht aus unserem Hoffnungsraum zu verlieren!\u201c, so Bischof Thomas Adomeit.&nbsp;<\/p>\n<p>Die Gewaltspirale der letzten Jahre mache ihn sehr betroffen, so der Bischof der Evangelisch-Lutherischen Kirche in Oldenburg. Seit fast zwei Jahren dauere bereits der verheerende Krieg Russlands gegen die Ukraine an und der grauenhafte Terrorakt der Hamas am 7. Oktober vergangenen Jahres habe die ganze Welt ersch\u00fcttert. Hinzu komme die bedr\u00fcckende Situation des Kriegs in Israel und Pal\u00e4stina. F\u00fcr Bischof Adomeit machen die zahllosen gewaltsamen Konflikte weltweit deutlich, dass die Weiterentwicklung der Friedensethik sowohl f\u00fcr die Zivilgesellschaft als auch f\u00fcr die Kirche eine notwendige Aufgabe ist. Auch die Situation der sch\u00e4tzungsweise weltweit ca. 110 Millionen Menschen auf der Flucht m\u00fcsse st\u00e4rker in den Fokus r\u00fccken. \u201eDie Frage nach Orientierung gerade in Friedensfragen begegnet uns allen, inner- wie au\u00dferkirchlich. Sie ist durch die Konflikte in der Ukraine und im Nahen Osten dr\u00e4ngender denn je.\u201c<\/p>\n<p>Flucht und Migration seien auch in Europa und in Deutschland ein Thema, das in der \u00d6ffentlichkeit mit zunehmender Hetze und Aggressivit\u00e4t diskutiert werde. Dies machten gerade die Enth\u00fcllungen von \u201eCorrectiv\u201c deutlich. Rechter Hetze und Spaltung, Rassismus, zunehmendem Antisemitismus und insbesondere den menschenfeindlichen und extremistischen Zielen der sich neu formierenden rechtsextremen Netzwerke m\u00fcsse energisch Einhalt geboten werden. Dass auf einem Geheimtreffen in einer Villa bei Potsdam Pl\u00e4ne geschmiedet worden seien, Millionen Menschen mit Migrationsgeschichte aus Deutschland zu vertreiben und zu deportieren, sei unertr\u00e4glich. \u201eDiese zunehmend extremistischen und menschenverachtenden Kr\u00e4fte sind eine sehr gro\u00dfe Gefahr f\u00fcr Frieden und Demokratie\u201c, so Adomeit. \u201eGewalt darf in unserem Land keinen Platz bekommen!\u201c<\/p>\n<p>\u201eWas k\u00f6nnen wir neben unseren Fragen und Stellungnahmen dar\u00fcber hinaus f\u00fcr den Frieden tun? Wir k\u00f6nnen und d\u00fcrfen unsere N\u00f6te vor Gott bringen. Wir beten f\u00fcr die Menschen in der Ukraine, deren Leben weiterhin bedroht ist. Wir klagen Gott das Leid in Israel und im Gaza-Streifen. Wir beten f\u00fcr die Verantwortlichen auf allen Seiten, dass sie Wege aus der Eskalation finden. Wir beten f\u00fcr die Get\u00f6teten, die Verwundeten und die Trauernden, f\u00fcr die, die unter Gewalt leiden. Wir beten f\u00fcr die Menschen, die auf der Flucht sind. Wir beten f\u00fcr den Frieden. Wir tun dies in unseren F\u00fcrbitten. Und wir wollen dies noch sichtbarer machen: Mit dem Banner f\u00fcr den Frieden an unseren Geb\u00e4uden \u2013 als Mahnung und als Selbstverpflichtung!\u201c, so Adomeit.&nbsp;<\/p>\n<p>Kirche-Oldenburg<br \/>\n<a href=\"https:\/\/www.kirche-oldenburg.de\/\/aktuell\/pressemitteilungen\/artikel\/140-banner-im-oldenburger-land-werben-fuer-suche-nach-frieden\" target=\"_blank\" rel=\"noopener\">140 Banner im Oldenburger Land werben f\u00fcr Suche nach Frieden<\/a><\/p>\n","protected":false},"excerpt":{"rendered":"<p>Mit 140 Bannern an Kirchen und Gemeindeh\u00e4usern im ganzen Oldenburger Land werben die Ev.-Luth. Kirche in Oldenburg und ihre 107 Kirchengemeinden f\u00fcr die Suche nach Frieden. Mit den Psalmworten \u201eSuche Frieden und jage ihm nach!\u201c (Psalm 34,15) auf den ein mal drei Meter gro\u00dfen Bannern soll die Verpflichtung deutlich werden, konsequent und mit aller Kraft um Frieden in dieser Welt zu ringen, \u201eals Mahnung f\u00fcr die Welt und als Erinnerung f\u00fcr uns selbst, den Frieden, der noch werden muss, nicht aus unserem Hoffnungsraum zu verlieren!\u201c, so Bischof Thomas Adomeit.&nbsp; Die Gewaltspirale der letzten Jahre mache ihn sehr betroffen, so der&#8230;<\/p>\n","protected":false},"author":7,"featured_media":0,"comment_status":"false","ping_status":"open","sticky":false,"template":"","format":"standard","meta":{"footnotes":""},"categories":[43],"tags":[44],"class_list":["post-26366","post","type-post","status-publish","format-standard","hentry","category-kirche-oldenburg","tag-kirche-oldenburg"],"_links":{"self":[{"href":"https:\/\/christusnews.de\/site\/wp-json\/wp\/v2\/posts\/26366","targetHints":{"allow":["GET"]}}],"collection":[{"href":"https:\/\/christusnews.de\/site\/wp-json\/wp\/v2\/posts"}],"about":[{"href":"https:\/\/christusnews.de\/site\/wp-json\/wp\/v2\/types\/post"}],"author":[{"embeddable":true,"href":"https:\/\/christusnews.de\/site\/wp-json\/wp\/v2\/users\/7"}],"replies":[{"embeddable":true,"href":"https:\/\/christusnews.de\/site\/wp-json\/wp\/v2\/comments?post=26366"}],"version-history":[{"count":1,"href":"https:\/\/christusnews.de\/site\/wp-json\/wp\/v2\/posts\/26366\/revisions"}],"predecessor-version":[{"id":26367,"href":"https:\/\/christusnews.de\/site\/wp-json\/wp\/v2\/posts\/26366\/revisions\/26367"}],"wp:attachment":[{"href":"https:\/\/christusnews.de\/site\/wp-json\/wp\/v2\/media?parent=26366"}],"wp:term":[{"taxonomy":"category","embeddable":true,"href":"https:\/\/christusnews.de\/site\/wp-json\/wp\/v2\/categories?post=26366"},{"taxonomy":"post_tag","embeddable":true,"href":"https:\/\/christusnews.de\/site\/wp-json\/wp\/v2\/tags?post=26366"}],"curies":[{"name":"wp","href":"https:\/\/api.w.org\/{rel}","templated":true}]}}