{"id":26368,"date":"2024-02-03T20:21:00","date_gmt":"2024-02-03T19:21:00","guid":{"rendered":"https:\/\/christusnews.de\/site\/brot-fuer-die-welt-warnt-vor-scheitern-von-eu-lieferkettengesetz\/"},"modified":"2024-02-04T10:18:01","modified_gmt":"2024-02-04T09:18:01","slug":"brot-fuer-die-welt-warnt-vor-scheitern-von-eu-lieferkettengesetz","status":"publish","type":"post","link":"https:\/\/christusnews.de\/site\/brot-fuer-die-welt-warnt-vor-scheitern-von-eu-lieferkettengesetz\/","title":{"rendered":"\u00abBrot f\u00fcr die Welt\u00bb warnt vor Scheitern von EU-Lieferkettengesetz"},"content":{"rendered":"<p>Hannover (epd). Die Pr\u00e4sidentin des evangelischen Hilfswerks \u00abBrot f\u00fcr die Welt\u00bb, Dagmar Pruin, hat vor einem Scheitern des EU-Lieferkettengesetzes gewarnt und Bundeskanzler Olaf Scholz (SPD) zum Einschreiten aufgefordert. \u00abWir sind best\u00fcrzt \u00fcber die Kehrtwende von Teilen der Bundesregierung\u00bb, sagte sie dem RedaktionsNetzwerk Deutschland (RND, Samstag). \u00abNun muss Bundeskanzler Scholz mit seiner Richtlinienkompetenz daf\u00fcr sorgen, dass Deutschland EU-Lieferkettengesetz zustimmt\u00bb, forderte sie. \u00abEin Scheitern w\u00e4re ein Affront gegen Betroffene von Kinderarbeit und anderer Menschenrechtsverletzungen entlang der Lieferketten europ\u00e4ischer Unternehmen.\u00bb<br \/>\n&nbsp; &nbsp;<br \/>\nDas EU-Lieferkettengesetz steht vor einer entscheidenden Abstimmung im Europ\u00e4ischen Rat. Laut dem RND haben die FDP-Minister Christian Lindner und Marco Buschmann dem Gesetz die Zustimmung verweigert, weshalb sich die Bundesregierung in Br\u00fcssel enthalten m\u00fcsste.<br \/>\n&nbsp; &nbsp;<br \/>\nIn Deutschland gilt bereits seit 2023 ein nationales Lieferkettengesetz. Die geplante EU-Richtlinie, die in nationales Gesetz umgesetzt werden m\u00fcsste, geht teilweise \u00fcber das deutsche Gesetz hinaus. Sie soll Unternehmen mit mehr als 500 Besch\u00e4ftigten und einem weltweiten Umsatz von \u00fcber 150 Millionen Euro verpflichten, Standards in den Lieferketten sicherzustellen. Das deutsche Gesetz gilt aktuell f\u00fcr rund 3.000 Firmen mit mehr als 1.000 Besch\u00e4ftigten, hat aber keine Umsatzgr\u00f6\u00dfe definiert. Anders als das deutsche Gesetz soll die EU-Regelung auch die M\u00f6glichkeit f\u00fcr zivilrechtliche Haftungen vorsehen.<\/p>\n<p>Kirche-Oldenburg<br \/>\n<a href=\"https:\/\/www.kirche-oldenburg.de\/\/aktuell\/news-niedersachsen\/artikel\/brot-fuer-die-welt-warnt-vor-scheitern-von-eu-lieferkettengesetz\" target=\"_blank\" rel=\"noopener\">\u00abBrot f\u00fcr die Welt\u00bb warnt vor Scheitern von EU-Lieferkettengesetz<\/a><\/p>\n","protected":false},"excerpt":{"rendered":"<p>Hannover (epd). Die Pr\u00e4sidentin des evangelischen Hilfswerks \u00abBrot f\u00fcr die Welt\u00bb, Dagmar Pruin, hat vor einem Scheitern des EU-Lieferkettengesetzes gewarnt und Bundeskanzler Olaf Scholz (SPD) zum Einschreiten aufgefordert. \u00abWir sind best\u00fcrzt \u00fcber die Kehrtwende von Teilen der Bundesregierung\u00bb, sagte sie dem RedaktionsNetzwerk Deutschland (RND, Samstag). \u00abNun muss Bundeskanzler Scholz mit seiner Richtlinienkompetenz daf\u00fcr sorgen, dass Deutschland EU-Lieferkettengesetz zustimmt\u00bb, forderte sie. \u00abEin Scheitern w\u00e4re ein Affront gegen Betroffene von Kinderarbeit und anderer Menschenrechtsverletzungen entlang der Lieferketten europ\u00e4ischer Unternehmen.\u00bb &nbsp; &nbsp; Das EU-Lieferkettengesetz steht vor einer entscheidenden Abstimmung im Europ\u00e4ischen Rat. Laut dem RND haben die FDP-Minister Christian Lindner und Marco Buschmann&#8230;<\/p>\n","protected":false},"author":7,"featured_media":0,"comment_status":"false","ping_status":"open","sticky":false,"template":"","format":"standard","meta":{"footnotes":""},"categories":[43],"tags":[44],"class_list":["post-26368","post","type-post","status-publish","format-standard","hentry","category-kirche-oldenburg","tag-kirche-oldenburg"],"_links":{"self":[{"href":"https:\/\/christusnews.de\/site\/wp-json\/wp\/v2\/posts\/26368","targetHints":{"allow":["GET"]}}],"collection":[{"href":"https:\/\/christusnews.de\/site\/wp-json\/wp\/v2\/posts"}],"about":[{"href":"https:\/\/christusnews.de\/site\/wp-json\/wp\/v2\/types\/post"}],"author":[{"embeddable":true,"href":"https:\/\/christusnews.de\/site\/wp-json\/wp\/v2\/users\/7"}],"replies":[{"embeddable":true,"href":"https:\/\/christusnews.de\/site\/wp-json\/wp\/v2\/comments?post=26368"}],"version-history":[{"count":1,"href":"https:\/\/christusnews.de\/site\/wp-json\/wp\/v2\/posts\/26368\/revisions"}],"predecessor-version":[{"id":26369,"href":"https:\/\/christusnews.de\/site\/wp-json\/wp\/v2\/posts\/26368\/revisions\/26369"}],"wp:attachment":[{"href":"https:\/\/christusnews.de\/site\/wp-json\/wp\/v2\/media?parent=26368"}],"wp:term":[{"taxonomy":"category","embeddable":true,"href":"https:\/\/christusnews.de\/site\/wp-json\/wp\/v2\/categories?post=26368"},{"taxonomy":"post_tag","embeddable":true,"href":"https:\/\/christusnews.de\/site\/wp-json\/wp\/v2\/tags?post=26368"}],"curies":[{"name":"wp","href":"https:\/\/api.w.org\/{rel}","templated":true}]}}