{"id":26370,"date":"2024-02-03T20:20:00","date_gmt":"2024-02-03T19:20:00","guid":{"rendered":"https:\/\/christusnews.de\/site\/chefaerztin-cannabis-legalisierung-birgt-risiken-fuer-jugendliche\/"},"modified":"2024-02-04T10:18:02","modified_gmt":"2024-02-04T09:18:02","slug":"chefaerztin-cannabis-legalisierung-birgt-risiken-fuer-jugendliche","status":"publish","type":"post","link":"https:\/\/christusnews.de\/site\/chefaerztin-cannabis-legalisierung-birgt-risiken-fuer-jugendliche\/","title":{"rendered":"Chef\u00e4rztin: Cannabis-Legalisierung birgt Risiken f\u00fcr Jugendliche"},"content":{"rendered":"<p>Ahlhorn\/Kr. Oldenburg (epd). Die Suchtexpertin Angela Wenzel warnt vor den Folgen der absehbar legalen Abgabe von Cannabis f\u00fcr Kinder und Jugendliche. \u00abWenn Erwachsene diese Drogen legal konsumieren d\u00fcrfen, werden die Gefahren des Konsums f\u00fcr jungen Menschen verharmlost. Von einer Vorbildfunktion Erwachsener kann dann nicht mehr die Rede sein\u00bb, sagte die Chef\u00e4rztin der diakonischen Dietrich-Bonhoeffer-Klinik in Ahlhorn bei Oldenburg im Gespr\u00e4ch mit dem Evangelischen Pressedienst (epd). Cannabis ver\u00e4ndere die Hirnreife bei Kindern und Jugendlichen und k\u00f6nne im schlimmsten Fall zu nicht reversiblen St\u00f6rungen wie Depressionen, \u00c4ngsten oder Psychosen f\u00fchren.<br \/>\n&nbsp; &nbsp;<br \/>\nDie Ampelkoalition hatte sich am Freitag in der Frage der Legalisierung geeinigt. Das entsprechende Gesetz solle noch im Februar durch den Bundestag verabschiedet und anschlie\u00dfend vom Bundesrat best\u00e4tigt werden. Das Gesetz k\u00f6nnte dann bereits zum 1.<br \/>\nApril in Kraft treten, hie\u00df es.<br \/>\n&nbsp; &nbsp;<br \/>\nWenzel zufolge sind in Kanada nach der Legalisierung von Cannabis bei jungen Menschen deutlich vermehrt cannabisbezogene &#8211; organische sowie psychische &#8211; St\u00f6rungen aufgetreten. Dabei habe das Land enorme Summen in Informationskampagnen, sowie in Pr\u00e4ventions- und Interventionsangebote investiert. \u00abHierzulande werden dagegen derzeit die Gelder f\u00fcr die Pr\u00e4ventionsarbeit eher gestrichen. Aus meiner Sicht ist hier Gefahr im Verzug. Die derzeitigen Behandlungsangebote f\u00fcr Jugendliche sind deutschlandweit eklatant unterversorgt. Der Jugendschutz wird nicht gewahrt.\u00bb<br \/>\n&nbsp; &nbsp;<br \/>\nGerade in den sozialen Medien tummelten sich zuhauf \u00abPseudowissenschaftler, die gef\u00e4hrliches Halbwissen \u00fcber Cannabis verbreiten\u00bb. Dort m\u00fcsse die Pr\u00e4ventionsarbeit in einer jugendgerechten Art und Weise ansetzen. \u00abDaf\u00fcr muss mehr Geld zur Verf\u00fcgung stehen\u00bb, mahnte die Expertin.<br \/>\n&nbsp; &nbsp;<br \/>\nDie meisten Erwachsenen w\u00fcssten zumindest ungef\u00e4hr, worauf sie sich beim Konsum von Cannabis einlassen. \u00abAber Kinder und Jugendliche verf\u00fcgen nicht \u00fcber dieses Wissen. Sie k\u00f6nnen nicht absch\u00e4tzen, welche Gefahren der Cannabis-Konsum birgt\u00bb, betonte die Chef\u00e4rztin. Sie verglich die gegenw\u00e4rtige Diskussion um die Legalisierung mit der Tabak-Werbung der 1960er Jahre. Auch damals h\u00e4tten Mahner schon vor Krebs durch Zigaretten gewarnt. Doch habe sich die Tabak-Lobby durchgesetzt.<br \/>\n&nbsp; &nbsp;<br \/>\nWenzel warnte weiter vor einem nicht zu untersch\u00e4tzenden Todesrisiko bei Jugendlichen durch den Cannabis-Konsum. Dies betreffe nicht nur die Gefahr von Unf\u00e4llen, weil die Heranwachsenden unter Cannabis zu riskanten Verhaltensweisen neigten. \u00abSuizid ist bei Kindern und Jugendlichen in Deutschland nach Unf\u00e4llen die zweith\u00e4ufigste Todesart.\u00bb Bei vielen Suiziden von Kindern und Jugendlichen spiele Cannabis eine Rolle.<br \/>\n&nbsp; &nbsp;<br \/>\n<em>epd-Gespr\u00e4ch: J\u00f6rg Nielsen<\/em><\/p>\n<p>Kirche-Oldenburg<br \/>\n<a href=\"https:\/\/www.kirche-oldenburg.de\/\/aktuell\/news-niedersachsen\/artikel\/chefaerztin-cannabis-legalisierung-birgt-risiken-fuer-jugendliche\" target=\"_blank\" rel=\"noopener\">Chef\u00e4rztin: Cannabis-Legalisierung birgt Risiken f\u00fcr Jugendliche<\/a><\/p>\n","protected":false},"excerpt":{"rendered":"<p>Ahlhorn\/Kr. Oldenburg (epd). Die Suchtexpertin Angela Wenzel warnt vor den Folgen der absehbar legalen Abgabe von Cannabis f\u00fcr Kinder und Jugendliche. \u00abWenn Erwachsene diese Drogen legal konsumieren d\u00fcrfen, werden die Gefahren des Konsums f\u00fcr jungen Menschen verharmlost. Von einer Vorbildfunktion Erwachsener kann dann nicht mehr die Rede sein\u00bb, sagte die Chef\u00e4rztin der diakonischen Dietrich-Bonhoeffer-Klinik in Ahlhorn bei Oldenburg im Gespr\u00e4ch mit dem Evangelischen Pressedienst (epd). Cannabis ver\u00e4ndere die Hirnreife bei Kindern und Jugendlichen und k\u00f6nne im schlimmsten Fall zu nicht reversiblen St\u00f6rungen wie Depressionen, \u00c4ngsten oder Psychosen f\u00fchren. &nbsp; &nbsp; Die Ampelkoalition hatte sich am Freitag in der Frage der&#8230;<\/p>\n","protected":false},"author":7,"featured_media":0,"comment_status":"false","ping_status":"open","sticky":false,"template":"","format":"standard","meta":{"footnotes":""},"categories":[43],"tags":[44],"class_list":["post-26370","post","type-post","status-publish","format-standard","hentry","category-kirche-oldenburg","tag-kirche-oldenburg"],"_links":{"self":[{"href":"https:\/\/christusnews.de\/site\/wp-json\/wp\/v2\/posts\/26370","targetHints":{"allow":["GET"]}}],"collection":[{"href":"https:\/\/christusnews.de\/site\/wp-json\/wp\/v2\/posts"}],"about":[{"href":"https:\/\/christusnews.de\/site\/wp-json\/wp\/v2\/types\/post"}],"author":[{"embeddable":true,"href":"https:\/\/christusnews.de\/site\/wp-json\/wp\/v2\/users\/7"}],"replies":[{"embeddable":true,"href":"https:\/\/christusnews.de\/site\/wp-json\/wp\/v2\/comments?post=26370"}],"version-history":[{"count":1,"href":"https:\/\/christusnews.de\/site\/wp-json\/wp\/v2\/posts\/26370\/revisions"}],"predecessor-version":[{"id":26371,"href":"https:\/\/christusnews.de\/site\/wp-json\/wp\/v2\/posts\/26370\/revisions\/26371"}],"wp:attachment":[{"href":"https:\/\/christusnews.de\/site\/wp-json\/wp\/v2\/media?parent=26370"}],"wp:term":[{"taxonomy":"category","embeddable":true,"href":"https:\/\/christusnews.de\/site\/wp-json\/wp\/v2\/categories?post=26370"},{"taxonomy":"post_tag","embeddable":true,"href":"https:\/\/christusnews.de\/site\/wp-json\/wp\/v2\/tags?post=26370"}],"curies":[{"name":"wp","href":"https:\/\/api.w.org\/{rel}","templated":true}]}}