{"id":26376,"date":"2024-02-05T20:47:48","date_gmt":"2024-02-05T19:47:48","guid":{"rendered":"https:\/\/christusnews.de\/site\/solidarisch-in-der-migrationsgesellschaft\/"},"modified":"2024-02-05T22:18:30","modified_gmt":"2024-02-05T21:18:30","slug":"solidarisch-in-der-migrationsgesellschaft","status":"publish","type":"post","link":"https:\/\/christusnews.de\/site\/solidarisch-in-der-migrationsgesellschaft\/","title":{"rendered":"Solidarisch in der Migrationsgesellschaft"},"content":{"rendered":"<p>Die Migrationsgesellschaft ist bedroht und es gilt aufzustehen. Unter dem Motto \u201eDie Migrationsgesellschaft verteidigen und unsere geteilte Welt neu erfinden\u201c kommen von Rassismus und Ausgrenzung betroffene Menschen zu Wort und vermitteln eigene Perspektiven. Die Veranstaltung er\u00f6ffnet einen solidarischen und kraftvollen Raum, um Sichtbarkeit f\u00fcr Betroffene zu schaffen.<br \/>\n&nbsp; &nbsp;<br \/>\nMehr denn je ist die Migrationsgesellschaft bedroht und das Recht auf Asyl wird fortlaufend infrage gestellt. Menschenverachtende und rechtsextreme Thesen, die Isolierung und Abwehr von Schutzsuchenden an den europ\u00e4ischen Au\u00dfengrenzen, Forderungen nach Grenzkontrollen und versch\u00e4rften Abschiebungen und vieles mehr sind Angriffe auf die Migrationsgesellschaft in Europa. Migration ist jedoch nicht verantwortlich f\u00fcr die prek\u00e4re Lage des Gemeinwohls in Deutschland und Europa. Es ist unfassbar, dass die Selbstverst\u00e4ndlichkeit unserer deutschen gesellschaftlichen Vielfalt so sehr infrage gestellt wird.<br \/>\n&nbsp; &nbsp;<br \/>\nDaher gilt es, aufzustehen und zu widersprechen. Initiiert vom Projekt Transforming Solidarities der Humboldt-Universit\u00e4t zu Berlin wurde die \u201eBerliner Erkl\u00e4rung\u201c verfasst, welche sich dieser Herausforderung unter dem Motto \u201eDie Migrationsgesellschaft verteidigen und unsere geteilte Welt neu erfinden\u201c stellt.&nbsp;<br \/>\n&nbsp; &nbsp;&nbsp;<br \/>\nVerschiedene Initiativen aus Oldenburg m\u00f6chten daran ankn\u00fcpfen und haben die Veranstaltung Solidarisch in der Migrationsgesellschaft \u2013 \u201eBerliner Erkl\u00e4rung\u201c in Oldenburg ins Leben gerufen, diese findet am Donnerstag, 8. Februar, ab 20 Uhr in der Exhalle, Johannisstr. 6, 26121 Oldenburg, statt. Darin werden Menschen aus dem Raum Oldenburg &amp; Bremen, die mit dem versch\u00e4rften rassistischen Diskurs konfrontiert sind, zu Wort kommen, sich zur Wehr setzen und eigene Perspektiven vermitteln. \u00dcberall braucht es starke Stimmen f\u00fcr die Migrationsgesellschaft. Die Veranstaltung stellt einen solidarischen und kraftvollen Raum, um Sichtbarkeit f\u00fcr Betroffene zu schaffen und gemeinsam in Austausch zu geraten.<br \/>\n&nbsp; &nbsp;&nbsp;<br \/>\n<strong>Organisatorinnen und Organisatoren:<\/strong> Eine Veranstaltung verschiedener Einrichtungen und Initiativen f\u00fcr die Berliner Erkl\u00e4rung in Oldenburg, u.a. Oldenburgisches Staatstheater, United Against Racism Oldenburg, Arbeitskreis Koloniale Kontinuit\u00e4ten, Ev.-Luth. Kirche in Oldenburg, Cine k, Medienb\u00fcro e. V.<br \/>\n&nbsp; &nbsp;<br \/>\nDer Besuch der Veranstaltung ist kostenfrei. Auf <a href=\"https:\/\/staatstheater.de\/programm\/sparte-7\/stuecke\/berliner-erklaerung-in-oldenburg\">https:\/\/staatstheater.de\/programm\/sparte-7\/stuecke\/berliner-erklaerung-in-oldenburg<\/a>&nbsp;gibt es kostenfreie Platzkarten sowie weitere Informationen.<br \/>\n&nbsp; &nbsp;<br \/>\nEine Kurzfassung der Berliner Erkl\u00e4rung finden Sie ebenso wie die dazugeh\u00f6rige Petition hier: <a href=\"https:\/\/transformingsolidarities.net\/de\/news\/berliner-erklaerung-in-verteidigung-der-migrationsgesellschaft\/\">https:\/\/transformingsolidarities.net\/de\/news\/berliner-erklaerung-in-verteidigung-der-migrationsgesellschaft\/<\/a>&nbsp;.<\/p>\n<p>Kirche-Oldenburg<br \/>\n<a href=\"https:\/\/www.kirche-oldenburg.de\/\/aktuell\/pressemitteilungen\/artikel\/solidarisch-in-der-migrationsgesellschaft\" target=\"_blank\" rel=\"noopener\">Solidarisch in der Migrationsgesellschaft<\/a><\/p>\n","protected":false},"excerpt":{"rendered":"<p>Die Migrationsgesellschaft ist bedroht und es gilt aufzustehen. Unter dem Motto \u201eDie Migrationsgesellschaft verteidigen und unsere geteilte Welt neu erfinden\u201c kommen von Rassismus und Ausgrenzung betroffene Menschen zu Wort und vermitteln eigene Perspektiven. Die Veranstaltung er\u00f6ffnet einen solidarischen und kraftvollen Raum, um Sichtbarkeit f\u00fcr Betroffene zu schaffen. &nbsp; &nbsp; Mehr denn je ist die Migrationsgesellschaft bedroht und das Recht auf Asyl wird fortlaufend infrage gestellt. Menschenverachtende und rechtsextreme Thesen, die Isolierung und Abwehr von Schutzsuchenden an den europ\u00e4ischen Au\u00dfengrenzen, Forderungen nach Grenzkontrollen und versch\u00e4rften Abschiebungen und vieles mehr sind Angriffe auf die Migrationsgesellschaft in Europa. Migration ist jedoch nicht verantwortlich&#8230;<\/p>\n","protected":false},"author":7,"featured_media":0,"comment_status":"false","ping_status":"open","sticky":false,"template":"","format":"standard","meta":{"footnotes":""},"categories":[43],"tags":[44],"class_list":["post-26376","post","type-post","status-publish","format-standard","hentry","category-kirche-oldenburg","tag-kirche-oldenburg"],"_links":{"self":[{"href":"https:\/\/christusnews.de\/site\/wp-json\/wp\/v2\/posts\/26376","targetHints":{"allow":["GET"]}}],"collection":[{"href":"https:\/\/christusnews.de\/site\/wp-json\/wp\/v2\/posts"}],"about":[{"href":"https:\/\/christusnews.de\/site\/wp-json\/wp\/v2\/types\/post"}],"author":[{"embeddable":true,"href":"https:\/\/christusnews.de\/site\/wp-json\/wp\/v2\/users\/7"}],"replies":[{"embeddable":true,"href":"https:\/\/christusnews.de\/site\/wp-json\/wp\/v2\/comments?post=26376"}],"version-history":[{"count":1,"href":"https:\/\/christusnews.de\/site\/wp-json\/wp\/v2\/posts\/26376\/revisions"}],"predecessor-version":[{"id":26377,"href":"https:\/\/christusnews.de\/site\/wp-json\/wp\/v2\/posts\/26376\/revisions\/26377"}],"wp:attachment":[{"href":"https:\/\/christusnews.de\/site\/wp-json\/wp\/v2\/media?parent=26376"}],"wp:term":[{"taxonomy":"category","embeddable":true,"href":"https:\/\/christusnews.de\/site\/wp-json\/wp\/v2\/categories?post=26376"},{"taxonomy":"post_tag","embeddable":true,"href":"https:\/\/christusnews.de\/site\/wp-json\/wp\/v2\/tags?post=26376"}],"curies":[{"name":"wp","href":"https:\/\/api.w.org\/{rel}","templated":true}]}}