{"id":26378,"date":"2024-02-04T15:25:00","date_gmt":"2024-02-04T14:25:00","guid":{"rendered":"https:\/\/christusnews.de\/site\/kirchentagspraesidentin-wirbt-fuer-christentreffen-in-hannover\/"},"modified":"2024-02-05T22:18:31","modified_gmt":"2024-02-05T21:18:31","slug":"kirchentagspraesidentin-wirbt-fuer-christentreffen-in-hannover","status":"publish","type":"post","link":"https:\/\/christusnews.de\/site\/kirchentagspraesidentin-wirbt-fuer-christentreffen-in-hannover\/","title":{"rendered":"Kirchentagspr\u00e4sidentin wirbt f\u00fcr Christentreffen in Hannover"},"content":{"rendered":"<p class=\"MsoPlainText\">Hannover (epd). Kirchengemeinden in ganz Deutschland haben sich am Sonntag auf den 39. Deutschen Evangelischen Kirchentag in Hannover eingestimmt. Die Kirchentagspr\u00e4sidentin und ehemalige Th\u00fcringer Umweltministerin Anja Siegesmund (Gr\u00fcne), warb in ihrer Predigt in der hannoverschen Marktkirche daf\u00fcr, den Kirchentag zu einem Ort der Begegnungen und \u00abmutigen Zukunftserz\u00e4hlungen\u00bb zu machen. Der Kirchentag in Hannover beginnt am 30. April 2025 und endet am 4. Mai. Er steht unter der biblischen Losung \u00abmutig &#8211; stark &#8211; beherzt\u00bb.<\/p>\n<p class=\"MsoPlainText\">&nbsp;<\/p>\n<p class=\"MsoPlainText\">Die Welt sei im Krisenmodus, sagte Siegesmund laut ihrem Predigtmanuskript. Die Klimakrise, das Artensterben, die Fl\u00fcchtlinge, die Kriege in der Ukraine, Israel und Gaza oder die Bedrohung der Demokratie hierzulande forderten heraus. \u00abEs liegt an uns, die Herausforderungen zu sehen, sich ihnen zu stellen und miteinander um L\u00f6sungen zu ringen. Im Kleinen und im Gro\u00dfen. So werden wir als Gottvertrauende erfahren, dass Gott sein Schutzversprechen einl\u00f6st.\u00bb<\/p>\n<p class=\"MsoPlainText\">&nbsp;<\/p>\n<p class=\"MsoPlainText\">Die Menschen d\u00fcrften sich nicht an diese Krisen gew\u00f6hnen, mahnte die Kirchentagspr\u00e4sidentin. \u00abWir d\u00fcrfen nicht zulassen, dass das Recht des St\u00e4rkeren das V\u00f6lkerrecht unterl\u00e4uft. Wir d\u00fcrfen nicht nachlassen einzufordern, dass es nur in Demokratien Freiheit und Gerechtigkeit geben kann\u00bb, betonte sie.<\/p>\n<p class=\"MsoPlainText\">&nbsp;<\/p>\n<p class=\"MsoPlainText\">Der hannoversche Landesbischof Ralf Meister feierte den Angaben zufolge Gottesdienst in der kleinsten Gemeinde seiner Landeskirche, in der St. Marie und Willehad-Kirche in Wittenburg. Kristin Jahn, die Generalsekret\u00e4rin des Kirchentags, war Gast in der Stadtkirche St. Marien in Husum.<\/p>\n<p class=\"MsoPlainText\">&nbsp;<\/p>\n<p>Kirche-Oldenburg<br \/>\n<a href=\"https:\/\/www.kirche-oldenburg.de\/\/aktuell\/news-niedersachsen\/artikel\/kirchentagspraesidentin-wirbt-fuer-christentreffen-in-hannover\" target=\"_blank\" rel=\"noopener\">Kirchentagspr\u00e4sidentin wirbt f\u00fcr Christentreffen in Hannover<\/a><\/p>\n","protected":false},"excerpt":{"rendered":"<p>Hannover (epd). Kirchengemeinden in ganz Deutschland haben sich am Sonntag auf den 39. Deutschen Evangelischen Kirchentag in Hannover eingestimmt. Die Kirchentagspr\u00e4sidentin und ehemalige Th\u00fcringer Umweltministerin Anja Siegesmund (Gr\u00fcne), warb in ihrer Predigt in der hannoverschen Marktkirche daf\u00fcr, den Kirchentag zu einem Ort der Begegnungen und \u00abmutigen Zukunftserz\u00e4hlungen\u00bb zu machen. Der Kirchentag in Hannover beginnt am 30. April 2025 und endet am 4. Mai. Er steht unter der biblischen Losung \u00abmutig &#8211; stark &#8211; beherzt\u00bb. &nbsp; Die Welt sei im Krisenmodus, sagte Siegesmund laut ihrem Predigtmanuskript. Die Klimakrise, das Artensterben, die Fl\u00fcchtlinge, die Kriege in der Ukraine, Israel und Gaza oder&#8230;<\/p>\n","protected":false},"author":7,"featured_media":0,"comment_status":"false","ping_status":"open","sticky":false,"template":"","format":"standard","meta":{"footnotes":""},"categories":[43],"tags":[44],"class_list":["post-26378","post","type-post","status-publish","format-standard","hentry","category-kirche-oldenburg","tag-kirche-oldenburg"],"_links":{"self":[{"href":"https:\/\/christusnews.de\/site\/wp-json\/wp\/v2\/posts\/26378","targetHints":{"allow":["GET"]}}],"collection":[{"href":"https:\/\/christusnews.de\/site\/wp-json\/wp\/v2\/posts"}],"about":[{"href":"https:\/\/christusnews.de\/site\/wp-json\/wp\/v2\/types\/post"}],"author":[{"embeddable":true,"href":"https:\/\/christusnews.de\/site\/wp-json\/wp\/v2\/users\/7"}],"replies":[{"embeddable":true,"href":"https:\/\/christusnews.de\/site\/wp-json\/wp\/v2\/comments?post=26378"}],"version-history":[{"count":1,"href":"https:\/\/christusnews.de\/site\/wp-json\/wp\/v2\/posts\/26378\/revisions"}],"predecessor-version":[{"id":26379,"href":"https:\/\/christusnews.de\/site\/wp-json\/wp\/v2\/posts\/26378\/revisions\/26379"}],"wp:attachment":[{"href":"https:\/\/christusnews.de\/site\/wp-json\/wp\/v2\/media?parent=26378"}],"wp:term":[{"taxonomy":"category","embeddable":true,"href":"https:\/\/christusnews.de\/site\/wp-json\/wp\/v2\/categories?post=26378"},{"taxonomy":"post_tag","embeddable":true,"href":"https:\/\/christusnews.de\/site\/wp-json\/wp\/v2\/tags?post=26378"}],"curies":[{"name":"wp","href":"https:\/\/api.w.org\/{rel}","templated":true}]}}