{"id":26386,"date":"2024-02-06T12:15:47","date_gmt":"2024-02-06T11:15:47","guid":{"rendered":"https:\/\/christusnews.de\/site\/?p=26386"},"modified":"2024-02-06T12:15:48","modified_gmt":"2024-02-06T11:15:48","slug":"kirchenfuehrung-in-der-christus-und-garnisonkirche","status":"publish","type":"post","link":"https:\/\/christusnews.de\/site\/kirchenfuehrung-in-der-christus-und-garnisonkirche\/","title":{"rendered":"Kirchenf\u00fchrung in der\u00a0 Christus- und Garnisonkirche"},"content":{"rendered":"\n<p><strong>Kirchenf\u00fchrung in der&nbsp; Christus- und Garnisonkirche<\/strong><\/p>\n\n\n\n<p>Eine Kirchenf\u00fchrung findet am 9. Februar um 17 Uhr in der Citykirche statt.<\/p>\n\n\n\n<p>So viele Geschichten erz\u00e4hlt die Christus- und Garnisonkirche. Jedes Jahr gibt es f\u00fcr G\u00e4ste aus ganz Deutschland immer wieder Kirchenf\u00fchrungen. Nur f\u00fcr Menschen aus WHV gibt es das nicht regelm\u00e4\u00dfig. Das soll jetzt anders werden. 60 Minuten geballte Informationen, Anekdoten, Geistliches und Komisches aus der Kirche mit Pastor Frank Morgenstern. <em>Der Eintritt ist frei, um eine Kollekte wird gebeten.<\/em><\/p>\n","protected":false},"excerpt":{"rendered":"<p>Kirchenf\u00fchrung in der&nbsp; Christus- und Garnisonkirche Eine Kirchenf\u00fchrung findet am 9. Februar um 17 Uhr in der Citykirche statt. So viele Geschichten erz\u00e4hlt die Christus- und Garnisonkirche. Jedes Jahr gibt es f\u00fcr G\u00e4ste aus ganz Deutschland immer wieder Kirchenf\u00fchrungen. Nur f\u00fcr Menschen aus WHV gibt es das nicht regelm\u00e4\u00dfig. Das soll jetzt anders werden. 60 Minuten geballte Informationen, Anekdoten, Geistliches und Komisches aus der Kirche mit Pastor Frank Morgenstern. Der Eintritt ist frei, um eine Kollekte wird gebeten.<\/p>\n","protected":false},"author":2,"featured_media":26321,"comment_status":"closed","ping_status":"open","sticky":false,"template":"","format":"standard","meta":{"footnotes":""},"categories":[1],"tags":[],"class_list":["post-26386","post","type-post","status-publish","format-standard","has-post-thumbnail","hentry","category-gemeinde"],"_links":{"self":[{"href":"https:\/\/christusnews.de\/site\/wp-json\/wp\/v2\/posts\/26386","targetHints":{"allow":["GET"]}}],"collection":[{"href":"https:\/\/christusnews.de\/site\/wp-json\/wp\/v2\/posts"}],"about":[{"href":"https:\/\/christusnews.de\/site\/wp-json\/wp\/v2\/types\/post"}],"author":[{"embeddable":true,"href":"https:\/\/christusnews.de\/site\/wp-json\/wp\/v2\/users\/2"}],"replies":[{"embeddable":true,"href":"https:\/\/christusnews.de\/site\/wp-json\/wp\/v2\/comments?post=26386"}],"version-history":[{"count":1,"href":"https:\/\/christusnews.de\/site\/wp-json\/wp\/v2\/posts\/26386\/revisions"}],"predecessor-version":[{"id":26387,"href":"https:\/\/christusnews.de\/site\/wp-json\/wp\/v2\/posts\/26386\/revisions\/26387"}],"wp:featuredmedia":[{"embeddable":true,"href":"https:\/\/christusnews.de\/site\/wp-json\/wp\/v2\/media\/26321"}],"wp:attachment":[{"href":"https:\/\/christusnews.de\/site\/wp-json\/wp\/v2\/media?parent=26386"}],"wp:term":[{"taxonomy":"category","embeddable":true,"href":"https:\/\/christusnews.de\/site\/wp-json\/wp\/v2\/categories?post=26386"},{"taxonomy":"post_tag","embeddable":true,"href":"https:\/\/christusnews.de\/site\/wp-json\/wp\/v2\/tags?post=26386"}],"curies":[{"name":"wp","href":"https:\/\/api.w.org\/{rel}","templated":true}]}}