{"id":26398,"date":"2024-02-06T08:53:00","date_gmt":"2024-02-06T07:53:00","guid":{"rendered":"https:\/\/christusnews.de\/site\/beauftragter-wegner-brandmauer-gegen-rechts-ist-hoffnungszeichen\/"},"modified":"2024-02-07T10:17:29","modified_gmt":"2024-02-07T09:17:29","slug":"beauftragter-wegner-brandmauer-gegen-rechts-ist-hoffnungszeichen","status":"publish","type":"post","link":"https:\/\/christusnews.de\/site\/beauftragter-wegner-brandmauer-gegen-rechts-ist-hoffnungszeichen\/","title":{"rendered":"Beauftragter Wegner: Brandmauer gegen Rechts ist Hoffnungszeichen"},"content":{"rendered":"<p class=\"MsoPlainText\">Braunschweig (epd). Die anhaltenden Demonstrationen gegen Rechtsextremismus sind aus Sicht des nieders\u00e4chsischen Antisemitismusbeauftragten Gerhard Wegner \u00abeines der gr\u00f6\u00dften Hoffnungszeichen f\u00fcr Demokratie und Freiheit\u00bb seit langem. \u00abEndlich wacht die Mitte der Gesellschaft auf und k\u00e4mpft aktiv gegen die Bedrohungen des Rechtsradikalismus\u00bb, sagte Wegner laut Mitteilung aus seinem Haus am Dienstag in Braunschweig anl\u00e4sslich des Jahresempfangs der dortigen Gesellschaft f\u00fcr Christlich-J\u00fcdische Zusammenarbeit.<\/p>\n<p class=\"MsoPlainText\">&nbsp;<\/p>\n<p class=\"MsoPlainText\">Aus Sicht des Landesbeauftragten gegen Antisemitismus und f\u00fcr den Schutz j\u00fcdischen Lebens zeigt dabei ein R\u00fcckgang der Zustimmungswerte f\u00fcr die AfD, dass sich Menschen von der Gef\u00e4hrlichkeit der Partei \u00fcberzeugen lie\u00dfen. Wegner ermutigte zu weiteren Protesten: \u00abDiese massenhafte Brandmauer um unsere Demokratie muss bis zu den Wahlen in diesem Jahr weiter ausgebaut werden.\u00bb<\/p>\n<p class=\"MsoPlainText\">&nbsp;<\/p>\n<p class=\"MsoPlainText\">Wichtig sei deshalb besonders der Kampf gegen jede Form von Judenhass. J\u00fcdinnen und Juden seien durch den Rechtsradikalismus, aber auch durch Antisemitismus aus anderen Richtungen, besonders gef\u00e4hrdet. \u00abWer Sympathien f\u00fcr radikalislamistische Bestrebungen \u00e4u\u00dfert und das Lebensrecht Israels infrage stellt, geh\u00f6rt zu dieser Brandmauer nicht dazu\u00bb f\u00fcgte er an.<\/p>\n<p>Kirche-Oldenburg<br \/>\n<a href=\"https:\/\/www.kirche-oldenburg.de\/\/aktuell\/news-niedersachsen\/artikel\/beauftragter-wegner-brandmauer-gegen-rechts-ist-hoffnungszeichen\" target=\"_blank\" rel=\"noopener\">Beauftragter Wegner: Brandmauer gegen Rechts ist Hoffnungszeichen<\/a><\/p>\n","protected":false},"excerpt":{"rendered":"<p>Braunschweig (epd). Die anhaltenden Demonstrationen gegen Rechtsextremismus sind aus Sicht des nieders\u00e4chsischen Antisemitismusbeauftragten Gerhard Wegner \u00abeines der gr\u00f6\u00dften Hoffnungszeichen f\u00fcr Demokratie und Freiheit\u00bb seit langem. \u00abEndlich wacht die Mitte der Gesellschaft auf und k\u00e4mpft aktiv gegen die Bedrohungen des Rechtsradikalismus\u00bb, sagte Wegner laut Mitteilung aus seinem Haus am Dienstag in Braunschweig anl\u00e4sslich des Jahresempfangs der dortigen Gesellschaft f\u00fcr Christlich-J\u00fcdische Zusammenarbeit. &nbsp; Aus Sicht des Landesbeauftragten gegen Antisemitismus und f\u00fcr den Schutz j\u00fcdischen Lebens zeigt dabei ein R\u00fcckgang der Zustimmungswerte f\u00fcr die AfD, dass sich Menschen von der Gef\u00e4hrlichkeit der Partei \u00fcberzeugen lie\u00dfen. Wegner ermutigte zu weiteren Protesten: \u00abDiese massenhafte Brandmauer&#8230;<\/p>\n","protected":false},"author":7,"featured_media":0,"comment_status":"false","ping_status":"open","sticky":false,"template":"","format":"standard","meta":{"footnotes":""},"categories":[43],"tags":[44],"class_list":["post-26398","post","type-post","status-publish","format-standard","hentry","category-kirche-oldenburg","tag-kirche-oldenburg"],"_links":{"self":[{"href":"https:\/\/christusnews.de\/site\/wp-json\/wp\/v2\/posts\/26398","targetHints":{"allow":["GET"]}}],"collection":[{"href":"https:\/\/christusnews.de\/site\/wp-json\/wp\/v2\/posts"}],"about":[{"href":"https:\/\/christusnews.de\/site\/wp-json\/wp\/v2\/types\/post"}],"author":[{"embeddable":true,"href":"https:\/\/christusnews.de\/site\/wp-json\/wp\/v2\/users\/7"}],"replies":[{"embeddable":true,"href":"https:\/\/christusnews.de\/site\/wp-json\/wp\/v2\/comments?post=26398"}],"version-history":[{"count":1,"href":"https:\/\/christusnews.de\/site\/wp-json\/wp\/v2\/posts\/26398\/revisions"}],"predecessor-version":[{"id":26399,"href":"https:\/\/christusnews.de\/site\/wp-json\/wp\/v2\/posts\/26398\/revisions\/26399"}],"wp:attachment":[{"href":"https:\/\/christusnews.de\/site\/wp-json\/wp\/v2\/media?parent=26398"}],"wp:term":[{"taxonomy":"category","embeddable":true,"href":"https:\/\/christusnews.de\/site\/wp-json\/wp\/v2\/categories?post=26398"},{"taxonomy":"post_tag","embeddable":true,"href":"https:\/\/christusnews.de\/site\/wp-json\/wp\/v2\/tags?post=26398"}],"curies":[{"name":"wp","href":"https:\/\/api.w.org\/{rel}","templated":true}]}}