{"id":26400,"date":"2024-02-06T08:51:00","date_gmt":"2024-02-06T07:51:00","guid":{"rendered":"https:\/\/christusnews.de\/site\/rotkehlchen-und-zaunkoenige-zwitschern-schon-umweltexperte-klimawandel-beeinflusst-besonders-zugvoegel\/"},"modified":"2024-02-07T10:17:30","modified_gmt":"2024-02-07T09:17:30","slug":"rotkehlchen-und-zaunkoenige-zwitschern-schon-umweltexperte-klimawandel-beeinflusst-besonders-zugvoegel","status":"publish","type":"post","link":"https:\/\/christusnews.de\/site\/rotkehlchen-und-zaunkoenige-zwitschern-schon-umweltexperte-klimawandel-beeinflusst-besonders-zugvoegel\/","title":{"rendered":"\u00abRotkehlchen und Zaunk\u00f6nige zwitschern schon\u00bb &#8211; Umweltexperte:  Klimawandel beeinflusst besonders Zugv\u00f6gel"},"content":{"rendered":"<p class=\"MsoPlainText\">Bremen (epd). Kaum werden die Tage l\u00e4nger, sind die ersten Vogelges\u00e4nge zu h\u00f6ren. \u00abDas sind vor allem Meisen, aber auch Rotkehlchen und Zaunk\u00f6nige zwitschern schon\u00bb, sagte der Gesch\u00e4ftsf\u00fchrer des Bundes f\u00fcr Umwelt- und Naturschutz (BUND) in Bremen, Martin Rode, dem Evangelischen Pressedienst (epd). Der Gesang beginne bereits in der ersten Morgend\u00e4mmerung. \u00abDie V\u00f6gel reagieren auf w\u00e4rmere Temperaturen und auf das Licht\u00bb, betonte der Experte.<\/p>\n<p class=\"MsoPlainText\">&nbsp;<\/p>\n<p class=\"MsoPlainText\">Deshalb seien die V\u00f6gel im Osten wegen des fr\u00fcheren Sonnenaufgangs auch eher dran als ihre Artgenossen weiter im Westen. \u00abIm Vogelgesang gibt es je nach Region sogar Dialekte\u00bb, erg\u00e4nzte Rode. Besonders deutlichen Einfluss habe der Klimawandel auf die Zugv\u00f6gel. Einige Arten blieben aufgrund milderer Winter mittlerweile bei uns und verzichteten auf die Reise in den S\u00fcden.<\/p>\n<p class=\"MsoPlainText\">&nbsp;<\/p>\n<p class=\"MsoPlainText\">Aber auch bei den Tieren, die unterwegs sind, gibt es teils frappierende Entwicklungen. So hat Rode zufolge die M\u00f6nchsgrasm\u00fccke aufgrund des Klimawandels ihre Wege komplett umgestellt: \u00abFr\u00fcher zogen die V\u00f6gel im Winter an das Mittelmeer, heute fliegen viele von ihnen nach S\u00fcdengland, weil es dort f\u00fcr sie jetzt mild genug ist. Das bedeutet k\u00fcrzere Zugwege und eine gr\u00f6\u00dfere Chance, bei der schnelleren R\u00fcckkehr in Deutschland bessere Brutpl\u00e4tze zu ergattern.\u00bb<\/p>\n<p class=\"MsoPlainText\">&nbsp;<\/p>\n<p class=\"MsoPlainText\">\u00dcberhaupt kehrten viele Zugv\u00f6gel zwischenzeitlich bis zu vier Wochen fr\u00fcher aus ihren Winterquartieren zur\u00fcck als noch vor Jahrzehnten. Langstreckenzieher wie die Nachtigall, die Gartengrasm\u00fccke oder der Pirol seien dagegen nicht so flexibel. Das bringe auch Probleme, weil die Ankunfts- und Brutzeiten der Populationen nicht mehr synchron seien zu den Spitzenzeiten der Insektenvermehrung.<\/p>\n<p class=\"MsoPlainText\">&nbsp;<\/p>\n<p class=\"MsoPlainText\">Was sich im \u00fcbrigen so sch\u00f6n anh\u00f6rt, hat in erster Linie mit der Daseinsvorsorge zu tun. \u00abMeistens h\u00f6ren wir nur die M\u00e4nnchen, die ihre Reviere abstecken und Weibchen anlocken wollen. Wer sch\u00f6n, laut und komplex singt, gilt als besonders fit und verspricht einen guten Bruterfolg\u00bb, erl\u00e4uterte Rode.<\/p>\n<p class=\"MsoPlainText\">&nbsp;<\/p>\n<p class=\"MsoPlainText\">Wer sich \u00fcber vielf\u00e4ltiges Vogelgezwitscher freuen m\u00f6chte, sollte seinen Garten, so er denn einen hat, entsprechend gestalten, riet der Umweltsch\u00fctzer. V\u00f6gel f\u00fchlten sich besonders da wohl, wo es eine Vielfalt an heimischen B\u00fcschen und Hecken gebe sowie dornenbesetzte Str\u00e4ucher, Tr\u00e4nken, alte Hochstamm-Obstb\u00e4ume und Nistm\u00f6glichkeiten. Fl\u00e4chen mit heimischen Bl\u00fchpflanzen und wilde Ecken seien wichtig, weil sie Nahrung und Unterschlupf f\u00fcr Insekten b\u00f6ten. \u00ab\u00dcberhaupt ist es auch f\u00fcr die V\u00f6gel extrem wichtig, dass wir Insektenschutz betreiben.\u00bb<\/p>\n<p>Kirche-Oldenburg<br \/>\n<a href=\"https:\/\/www.kirche-oldenburg.de\/\/aktuell\/news-niedersachsen\/artikel\/rotkehlchen-und-zaunkoenige-zwitschern-schon-umweltexperte-klimawandel-beeinflusst-besonders-zugvoegel\" target=\"_blank\" rel=\"noopener\">\u00abRotkehlchen und Zaunk\u00f6nige zwitschern schon\u00bb &#8211; Umweltexperte:  Klimawandel beeinflusst besonders Zugv\u00f6gel<\/a><\/p>\n","protected":false},"excerpt":{"rendered":"<p>Bremen (epd). Kaum werden die Tage l\u00e4nger, sind die ersten Vogelges\u00e4nge zu h\u00f6ren. \u00abDas sind vor allem Meisen, aber auch Rotkehlchen und Zaunk\u00f6nige zwitschern schon\u00bb, sagte der Gesch\u00e4ftsf\u00fchrer des Bundes f\u00fcr Umwelt- und Naturschutz (BUND) in Bremen, Martin Rode, dem Evangelischen Pressedienst (epd). Der Gesang beginne bereits in der ersten Morgend\u00e4mmerung. \u00abDie V\u00f6gel reagieren auf w\u00e4rmere Temperaturen und auf das Licht\u00bb, betonte der Experte. &nbsp; Deshalb seien die V\u00f6gel im Osten wegen des fr\u00fcheren Sonnenaufgangs auch eher dran als ihre Artgenossen weiter im Westen. \u00abIm Vogelgesang gibt es je nach Region sogar Dialekte\u00bb, erg\u00e4nzte Rode. Besonders deutlichen Einfluss habe der&#8230;<\/p>\n","protected":false},"author":7,"featured_media":0,"comment_status":"false","ping_status":"open","sticky":false,"template":"","format":"standard","meta":{"footnotes":""},"categories":[43],"tags":[44],"class_list":["post-26400","post","type-post","status-publish","format-standard","hentry","category-kirche-oldenburg","tag-kirche-oldenburg"],"_links":{"self":[{"href":"https:\/\/christusnews.de\/site\/wp-json\/wp\/v2\/posts\/26400","targetHints":{"allow":["GET"]}}],"collection":[{"href":"https:\/\/christusnews.de\/site\/wp-json\/wp\/v2\/posts"}],"about":[{"href":"https:\/\/christusnews.de\/site\/wp-json\/wp\/v2\/types\/post"}],"author":[{"embeddable":true,"href":"https:\/\/christusnews.de\/site\/wp-json\/wp\/v2\/users\/7"}],"replies":[{"embeddable":true,"href":"https:\/\/christusnews.de\/site\/wp-json\/wp\/v2\/comments?post=26400"}],"version-history":[{"count":1,"href":"https:\/\/christusnews.de\/site\/wp-json\/wp\/v2\/posts\/26400\/revisions"}],"predecessor-version":[{"id":26401,"href":"https:\/\/christusnews.de\/site\/wp-json\/wp\/v2\/posts\/26400\/revisions\/26401"}],"wp:attachment":[{"href":"https:\/\/christusnews.de\/site\/wp-json\/wp\/v2\/media?parent=26400"}],"wp:term":[{"taxonomy":"category","embeddable":true,"href":"https:\/\/christusnews.de\/site\/wp-json\/wp\/v2\/categories?post=26400"},{"taxonomy":"post_tag","embeddable":true,"href":"https:\/\/christusnews.de\/site\/wp-json\/wp\/v2\/tags?post=26400"}],"curies":[{"name":"wp","href":"https:\/\/api.w.org\/{rel}","templated":true}]}}